{"id":4651,"date":"2025-04-08T05:12:08","date_gmt":"2025-04-08T05:12:08","guid":{"rendered":"https:\/\/reporte272.com\/portal\/?p=4651"},"modified":"2025-04-08T05:12:09","modified_gmt":"2025-04-08T05:12:09","slug":"llega-brigada-itinerante-de-salud-a-la-perla-veracruz","status":"publish","type":"post","link":"https:\/\/reporte272.com\/portal\/llega-brigada-itinerante-de-salud-a-la-perla-veracruz\/","title":{"rendered":"Llega Brigada Itinerante de Salud a La Perla Veracruz"},"content":{"rendered":"\n<p class=\"wp-block-paragraph\"><strong>La Perla, Veracruz. <\/strong>&#8211; Como parte de las actividades correspondientes al D\u00eda Mundial de la Salud, este lunes en el parque Municipal se llev\u00f3 a cabo la Brigada de Salud coordinada de manera conjunta entre Ayuntamiento de La Perla y la Jurisdicci\u00f3n Sanitaria n\u00famero VII.<br>Se ofrecieron servicios como: toma de papanicolau, consulta m\u00e9dica, nutrici\u00f3n, m\u00f3dulo de prevenci\u00f3n de dengue, odontolog\u00eda, aplicaci\u00f3n de algunas vacunas, m\u00f3dulo contra la violencia y servicios amigables para adolescentes.<br>La alcaldesa Ruth Garc\u00eda Meza encabez\u00f3 la ceremonia de apertura, y agradeci\u00f3 tambi\u00e9n a los m\u00e9dicos encabezados por el doctor Mauro V\u00e1squez Flores, jefe de la Jurisdicci\u00f3n Sanitaria n\u00famero VII, por su disponibilidad para llevar a cabo esta jornada. Antes de empezar, se efectu\u00f3 tambi\u00e9n una activaci\u00f3n f\u00edsica, a cargo del personal de Comude.<br>En esta brigada de salud participaron m\u00e9dicos y personal de apoyo de la Jurisdicci\u00f3n Sanitaria n\u00famero VII, quienes atendieron a centenares de personas tanto de cabecera, como de distintas localidades del municipio.<\/p>\n","protected":false},"excerpt":{"rendered":"<p>La Perla, Veracruz. &#8211; Como parte de las actividades correspondientes al D\u00eda Mundial de la Salud, este lunes en el parque Municipal se llev\u00f3 a cabo la Brigada de Salud coordinada de manera conjunta entre Ayuntamiento de La Perla y la Jurisdicci\u00f3n Sanitaria n\u00famero VII.Se ofrecieron servicios como: toma de papanicolau, consulta m\u00e9dica, nutrici\u00f3n, m\u00f3dulo [&hellip;]<\/p>\n","protected":false},"author":2,"featured_media":4652,"comment_status":"open","ping_status":"open","sticky":false,"template":"","format":"standard","meta":{"rop_custom_images_group":[],"rop_custom_messages_group":[],"rop_publish_now":"initial","rop_publish_now_accounts":{"facebook_2001103103558832_108675811699976":""},"rop_publish_now_history":[],"rop_publish_now_status":"pending","footnotes":""},"categories":[5],"tags":[],"class_list":["post-4651","post","type-post","status-publish","format-standard","has-post-thumbnail","hentry","category-local"],"_links":{"self":[{"href":"https:\/\/reporte272.com\/portal\/wp-json\/wp\/v2\/posts\/4651","targetHints":{"allow":["GET"]}}],"collection":[{"href":"https:\/\/reporte272.com\/portal\/wp-json\/wp\/v2\/posts"}],"about":[{"href":"https:\/\/reporte272.com\/portal\/wp-json\/wp\/v2\/types\/post"}],"author":[{"embeddable":true,"href":"https:\/\/reporte272.com\/portal\/wp-json\/wp\/v2\/users\/2"}],"replies":[{"embeddable":true,"href":"https:\/\/reporte272.com\/portal\/wp-json\/wp\/v2\/comments?post=4651"}],"version-history":[{"count":1,"href":"https:\/\/reporte272.com\/portal\/wp-json\/wp\/v2\/posts\/4651\/revisions"}],"predecessor-version":[{"id":4653,"href":"https:\/\/reporte272.com\/portal\/wp-json\/wp\/v2\/posts\/4651\/revisions\/4653"}],"wp:featuredmedia":[{"embeddable":true,"href":"https:\/\/reporte272.com\/portal\/wp-json\/wp\/v2\/media\/4652"}],"wp:attachment":[{"href":"https:\/\/reporte272.com\/portal\/wp-json\/wp\/v2\/media?parent=4651"}],"wp:term":[{"taxonomy":"category","embeddable":true,"href":"https:\/\/reporte272.com\/portal\/wp-json\/wp\/v2\/categories?post=4651"},{"taxonomy":"post_tag","embeddable":true,"href":"https:\/\/reporte272.com\/portal\/wp-json\/wp\/v2\/tags?post=4651"}],"curies":[{"name":"wp","href":"https:\/\/api.w.org\/{rel}","templated":true}]}}