{"id":4665,"date":"2025-04-08T16:30:30","date_gmt":"2025-04-08T16:30:30","guid":{"rendered":"https:\/\/reporte272.com\/portal\/?p=4665"},"modified":"2025-04-08T17:00:29","modified_gmt":"2025-04-08T17:00:29","slug":"chocan-unidad-del-ejercito-y-automovil-en-cordoba","status":"publish","type":"post","link":"https:\/\/reporte272.com\/portal\/chocan-unidad-del-ejercito-y-automovil-en-cordoba\/","title":{"rendered":"Chocan unidad del Ej\u00e9rcito y autom\u00f3vil, en C\u00f3rdoba"},"content":{"rendered":"\n<p class=\"wp-block-paragraph\"><strong>C\u00f3rdoba, Ver. (Reporte272 \/ Rodrigo Medina).-<\/strong> La ma\u00f1ana de este martes se registr\u00f3 un percance vial entre una camioneta del Ej\u00e9rcito Mexicano y un autom\u00f3vil en el cruce de avenida 9 y calle 6 de la colonia San Jos\u00e9 de C\u00f3rdoba Veracruz; no se reportan lesionados solo da\u00f1os materiales.<\/p>\n\n\n\n<p class=\"wp-block-paragraph\">De acuerdo con los primeros reportes, el percance se registr\u00f3 alrededor de las 9:30 de la ma\u00f1ana en el citado cruce vial cuando la camioneta Dodge RAM color verde presuntamente impacto por alcance a un veh\u00edculo Nissan en color blanco da\u00f1\u00e1ndole la facia.<\/p>\n\n\n\n<p class=\"wp-block-paragraph\">Al sitio arribaron elementos de Tr\u00e1nsito para tomar conocimiento de los hechos y deslindar responsabilidades conforme a la ley.<\/p>\n\n\n\n<p class=\"wp-block-paragraph\"><\/p>\n","protected":false},"excerpt":{"rendered":"<p>C\u00f3rdoba, Ver. (Reporte272 \/ Rodrigo Medina).- La ma\u00f1ana de este martes se registr\u00f3 un percance vial entre una camioneta del Ej\u00e9rcito Mexicano y un autom\u00f3vil en el cruce de avenida 9 y calle 6 de la colonia San Jos\u00e9 de C\u00f3rdoba Veracruz; no se reportan lesionados solo da\u00f1os materiales. De acuerdo con los primeros reportes, [&hellip;]<\/p>\n","protected":false},"author":2,"featured_media":4666,"comment_status":"open","ping_status":"open","sticky":false,"template":"","format":"standard","meta":{"rop_custom_images_group":[],"rop_custom_messages_group":[],"rop_publish_now":"initial","rop_publish_now_accounts":{"facebook_2001103103558832_108675811699976":""},"rop_publish_now_history":[],"rop_publish_now_status":"pending","footnotes":""},"categories":[9],"tags":[],"class_list":["post-4665","post","type-post","status-publish","format-standard","has-post-thumbnail","hentry","category-policiaca"],"_links":{"self":[{"href":"https:\/\/reporte272.com\/portal\/wp-json\/wp\/v2\/posts\/4665","targetHints":{"allow":["GET"]}}],"collection":[{"href":"https:\/\/reporte272.com\/portal\/wp-json\/wp\/v2\/posts"}],"about":[{"href":"https:\/\/reporte272.com\/portal\/wp-json\/wp\/v2\/types\/post"}],"author":[{"embeddable":true,"href":"https:\/\/reporte272.com\/portal\/wp-json\/wp\/v2\/users\/2"}],"replies":[{"embeddable":true,"href":"https:\/\/reporte272.com\/portal\/wp-json\/wp\/v2\/comments?post=4665"}],"version-history":[{"count":2,"href":"https:\/\/reporte272.com\/portal\/wp-json\/wp\/v2\/posts\/4665\/revisions"}],"predecessor-version":[{"id":4676,"href":"https:\/\/reporte272.com\/portal\/wp-json\/wp\/v2\/posts\/4665\/revisions\/4676"}],"wp:featuredmedia":[{"embeddable":true,"href":"https:\/\/reporte272.com\/portal\/wp-json\/wp\/v2\/media\/4666"}],"wp:attachment":[{"href":"https:\/\/reporte272.com\/portal\/wp-json\/wp\/v2\/media?parent=4665"}],"wp:term":[{"taxonomy":"category","embeddable":true,"href":"https:\/\/reporte272.com\/portal\/wp-json\/wp\/v2\/categories?post=4665"},{"taxonomy":"post_tag","embeddable":true,"href":"https:\/\/reporte272.com\/portal\/wp-json\/wp\/v2\/tags?post=4665"}],"curies":[{"name":"wp","href":"https:\/\/api.w.org\/{rel}","templated":true}]}}