{"id":4671,"date":"2025-04-08T16:59:22","date_gmt":"2025-04-08T16:59:22","guid":{"rendered":"https:\/\/reporte272.com\/portal\/?p=4671"},"modified":"2025-04-08T16:59:23","modified_gmt":"2025-04-08T16:59:23","slug":"fatal-accidente-en-la-orizaba-puebla-a-la-altura-de-la-recta-de-esperanza","status":"publish","type":"post","link":"https:\/\/reporte272.com\/portal\/fatal-accidente-en-la-orizaba-puebla-a-la-altura-de-la-recta-de-esperanza\/","title":{"rendered":"Fatal accidente en la Orizaba- Puebla a la altura de la recta de Esperanza"},"content":{"rendered":"\n<p class=\"wp-block-paragraph\"><strong>Esperanza, Puebla. (Reporte272 \/ Ixio Loaiza).-<\/strong> El choque por alcance entre dos unidades de carga pesada sobre la Autopista 150D Orizaba- Puebla, dej\u00f3 como saldo dos personas muertas, da\u00f1os materiales invaluables, as\u00ed como el cierre parcial de la circulaci\u00f3n vehicular a la altura de recta de Esperanza y la movilizaci\u00f3n de cuerpos de emergencias y rescate, adem\u00e1s de policiales y de autoridades de la Fiscal\u00eda como del Ministerio P\u00fablico.<\/p>\n\n\n\n<p class=\"wp-block-paragraph\">Al momento se desconoce de la edad e identidad del acompa\u00f1ante y conductor del tr\u00e1iler que murieron prensados entre los fierros retorcidos de la cabina.<\/p>\n\n\n\n<p class=\"wp-block-paragraph\">El choque por alcance se suscit\u00f3 alrededor de las 7 de la ma\u00f1ana de este martes en el kil\u00f3metro 219 +800 del tramo carretero San Jose Cuyachapa- La Plaza de Cobro 027 de La Esperanza, con direcci\u00f3n al Valle de M\u00e9xico.<\/p>\n\n\n\n<p class=\"wp-block-paragraph\">El cami\u00f3n torton cargado con varias toneladas de pi\u00f1a miel, aparentemente choc\u00f3 por alcance contra una unidad de carga, -la cual al no sufrir da\u00f1os abandon\u00f3 el lugar- y posteriormente el torton fue impactado por un tr\u00e1iler de color blanco que remolcaba una caja tipo seca. Debido al fuerte impacto tanto el conductor como el acompa\u00f1ante quedaron prensados entre los fierros retorcidos de la cabina.<\/p>\n\n\n\n<p class=\"wp-block-paragraph\">Al sitio llegaron de manera oportuna elementos de la Guardia Nacional Divisi\u00f3n Carreteras, as\u00ed como efectivos de la Secretar\u00eda de Seguridad P\u00fablica Estatal y param\u00e9dicos de CAPUFE, los cuales lamentablemente s\u00f3lo llegaron a confirmar el fallecimiento de ambas personas.<br>Tras confirmarse el doble deceso, hasta dicho tramo carretero acudieron autoridades de la Fiscal\u00eda y del Ministerio P\u00fablico Investigador con Peritos Forenses y Policias Ministeriales, los cuales tomaron conocimiento y pidieron al personal de CAPUFE realizar el rescate de los cuerpos con el equipo hidr\u00e1ulico, para ser enviados a las instalaciones del Servicio M\u00e9dico Forense y con ello lograr su identificaci\u00f3n.<br>Fue el personal de gr\u00faas quien realiz\u00f3 el retiro de las unidades accidentadas para el deslinde de responsabilidades adem\u00e1s de restablecer completamente la circulaci\u00f3n vehicular de la v\u00eda r\u00e1pida 2100 Veracruz- M\u00e9xico.<\/p>\n","protected":false},"excerpt":{"rendered":"<p>Esperanza, Puebla. (Reporte272 \/ Ixio Loaiza).- El choque por alcance entre dos unidades de carga pesada sobre la Autopista 150D Orizaba- Puebla, dej\u00f3 como saldo dos personas muertas, da\u00f1os materiales invaluables, as\u00ed como el cierre parcial de la circulaci\u00f3n vehicular a la altura de recta de Esperanza y la movilizaci\u00f3n de cuerpos de emergencias y [&hellip;]<\/p>\n","protected":false},"author":2,"featured_media":4672,"comment_status":"open","ping_status":"open","sticky":false,"template":"","format":"standard","meta":{"rop_custom_images_group":[],"rop_custom_messages_group":[],"rop_publish_now":"initial","rop_publish_now_accounts":{"facebook_2001103103558832_108675811699976":""},"rop_publish_now_history":[],"rop_publish_now_status":"pending","footnotes":""},"categories":[7,9],"tags":[],"class_list":["post-4671","post","type-post","status-publish","format-standard","has-post-thumbnail","hentry","category-nacional","category-policiaca"],"_links":{"self":[{"href":"https:\/\/reporte272.com\/portal\/wp-json\/wp\/v2\/posts\/4671","targetHints":{"allow":["GET"]}}],"collection":[{"href":"https:\/\/reporte272.com\/portal\/wp-json\/wp\/v2\/posts"}],"about":[{"href":"https:\/\/reporte272.com\/portal\/wp-json\/wp\/v2\/types\/post"}],"author":[{"embeddable":true,"href":"https:\/\/reporte272.com\/portal\/wp-json\/wp\/v2\/users\/2"}],"replies":[{"embeddable":true,"href":"https:\/\/reporte272.com\/portal\/wp-json\/wp\/v2\/comments?post=4671"}],"version-history":[{"count":1,"href":"https:\/\/reporte272.com\/portal\/wp-json\/wp\/v2\/posts\/4671\/revisions"}],"predecessor-version":[{"id":4673,"href":"https:\/\/reporte272.com\/portal\/wp-json\/wp\/v2\/posts\/4671\/revisions\/4673"}],"wp:featuredmedia":[{"embeddable":true,"href":"https:\/\/reporte272.com\/portal\/wp-json\/wp\/v2\/media\/4672"}],"wp:attachment":[{"href":"https:\/\/reporte272.com\/portal\/wp-json\/wp\/v2\/media?parent=4671"}],"wp:term":[{"taxonomy":"category","embeddable":true,"href":"https:\/\/reporte272.com\/portal\/wp-json\/wp\/v2\/categories?post=4671"},{"taxonomy":"post_tag","embeddable":true,"href":"https:\/\/reporte272.com\/portal\/wp-json\/wp\/v2\/tags?post=4671"}],"curies":[{"name":"wp","href":"https:\/\/api.w.org\/{rel}","templated":true}]}}