{"id":4680,"date":"2025-04-08T17:12:23","date_gmt":"2025-04-08T17:12:23","guid":{"rendered":"https:\/\/reporte272.com\/portal\/?p=4680"},"modified":"2025-04-08T17:12:24","modified_gmt":"2025-04-08T17:12:24","slug":"es-gustavo-sanchez-candidato-a-la-alcaldia-de-camerino-z-mendoza-por-el-partido-del-trabajo","status":"publish","type":"post","link":"https:\/\/reporte272.com\/portal\/es-gustavo-sanchez-candidato-a-la-alcaldia-de-camerino-z-mendoza-por-el-partido-del-trabajo\/","title":{"rendered":"Es Gustavo S\u00e1nchez candidato a la alcald\u00eda de Camerino Z. Mendoza por el Partido del Trabajo"},"content":{"rendered":"\n<p class=\"wp-block-paragraph\">&#8220;Mi compromiso es con la gente, con sus necesidades, el PT, tambi\u00e9n es la 4T&#8221;.<\/p>\n\n\n\n<p class=\"wp-block-paragraph\"><strong>Camerino Z. Mendoza, Ver. \u2013<\/strong> El pasado 4 de abril, en la ciudad de Xalapa, Gustavo S\u00e1nchez Ortiz formaliz\u00f3 su registro como candidato del Partido del Trabajo (PT) a la presidencia municipal de Camerino Z. Mendoza.<\/p>\n\n\n\n<p class=\"wp-block-paragraph\">El acto se llev\u00f3 a cabo en las oficinas del Comit\u00e9 Estatal del PT, marcando as\u00ed el inicio oficial de su participaci\u00f3n en el proceso electoral.<\/p>\n\n\n\n<p class=\"wp-block-paragraph\">&#8220;Vamos a defender a la 4T, el legado de Andr\u00e9s Manuel L\u00f3pez Obrador, respaldaremos a Claudia Sheinbaum Pardo y a Roc\u00edo Nahle Garc\u00eda, as\u00ed como lo hicimos en el proceso electoral 2024. Este a\u00f1o, la esperanza sigue viva. Y viene vestida de rojo con estrella amarilla&#8221;, enfatiz\u00f3 en su registro, S\u00e1nchez Ortiz.<\/p>\n\n\n\n<p class=\"wp-block-paragraph\">Por parte de su formaci\u00f3n acad\u00e9mica, Gustavo S\u00e1nchez Ortiz cuenta con una s\u00f3lida formaci\u00f3n, con una maestr\u00eda en gobierno, es licenciado en derecho, y con diplomados en gesti\u00f3n municipal y pr\u00e1cticas legislativas.<\/p>\n\n\n\n<p class=\"wp-block-paragraph\">A lo largo de su carrera, ha acumulado experiencia en los tres niveles de gobierno y el congreso del estado, lo que refuerza su perfil como servidor p\u00fablico.<\/p>\n\n\n\n<p class=\"wp-block-paragraph\">Hijo del reconocido m\u00e9dico y luchador social Gustavo S\u00e1nchez Aranda, el aspirante a la presidencia municipal destaca por ser heredero de un legado de compromiso social y valores.<\/p>\n\n\n\n<p class=\"wp-block-paragraph\">Adem\u00e1s, se describe como un hombre de familia, esposo y padre de dos hijos, comprometido con el bienestar de su comunidad.<\/p>\n\n\n\n<p class=\"wp-block-paragraph\">El ahora candidato por parte del PT, ha trabajado desde hace 7 a\u00f1os en la b\u00fasqueda del bien com\u00fan desde su asociaci\u00f3n civil, de la cu\u00e1l, es fundador.<\/p>\n\n\n\n<p class=\"wp-block-paragraph\">En el registro, recibi\u00f3 el respaldo del dirigente estatal del PT, Vicente Aguilar Aguilar y del Diputado Local y comisionado del PT en Veracruz, Ram\u00f3n D\u00edaz \u00c1vila.<\/p>\n\n\n\n<p class=\"wp-block-paragraph\">Con este registro, S\u00e1nchez Ortiz se posiciona como uno de los contendientes para dirigir el rumbo de Camerino Z. Mendoza, respaldado por el Partido del Trabajo y el pueblo mendocino.<\/p>\n","protected":false},"excerpt":{"rendered":"<p>&#8220;Mi compromiso es con la gente, con sus necesidades, el PT, tambi\u00e9n es la 4T&#8221;. Camerino Z. Mendoza, Ver. \u2013 El pasado 4 de abril, en la ciudad de Xalapa, Gustavo S\u00e1nchez Ortiz formaliz\u00f3 su registro como candidato del Partido del Trabajo (PT) a la presidencia municipal de Camerino Z. Mendoza. El acto se llev\u00f3 [&hellip;]<\/p>\n","protected":false},"author":2,"featured_media":4681,"comment_status":"open","ping_status":"open","sticky":false,"template":"","format":"standard","meta":{"rop_custom_images_group":[],"rop_custom_messages_group":[],"rop_publish_now":"initial","rop_publish_now_accounts":{"facebook_2001103103558832_108675811699976":""},"rop_publish_now_history":[],"rop_publish_now_status":"pending","footnotes":""},"categories":[5],"tags":[],"class_list":["post-4680","post","type-post","status-publish","format-standard","has-post-thumbnail","hentry","category-local"],"_links":{"self":[{"href":"https:\/\/reporte272.com\/portal\/wp-json\/wp\/v2\/posts\/4680","targetHints":{"allow":["GET"]}}],"collection":[{"href":"https:\/\/reporte272.com\/portal\/wp-json\/wp\/v2\/posts"}],"about":[{"href":"https:\/\/reporte272.com\/portal\/wp-json\/wp\/v2\/types\/post"}],"author":[{"embeddable":true,"href":"https:\/\/reporte272.com\/portal\/wp-json\/wp\/v2\/users\/2"}],"replies":[{"embeddable":true,"href":"https:\/\/reporte272.com\/portal\/wp-json\/wp\/v2\/comments?post=4680"}],"version-history":[{"count":1,"href":"https:\/\/reporte272.com\/portal\/wp-json\/wp\/v2\/posts\/4680\/revisions"}],"predecessor-version":[{"id":4682,"href":"https:\/\/reporte272.com\/portal\/wp-json\/wp\/v2\/posts\/4680\/revisions\/4682"}],"wp:featuredmedia":[{"embeddable":true,"href":"https:\/\/reporte272.com\/portal\/wp-json\/wp\/v2\/media\/4681"}],"wp:attachment":[{"href":"https:\/\/reporte272.com\/portal\/wp-json\/wp\/v2\/media?parent=4680"}],"wp:term":[{"taxonomy":"category","embeddable":true,"href":"https:\/\/reporte272.com\/portal\/wp-json\/wp\/v2\/categories?post=4680"},{"taxonomy":"post_tag","embeddable":true,"href":"https:\/\/reporte272.com\/portal\/wp-json\/wp\/v2\/tags?post=4680"}],"curies":[{"name":"wp","href":"https:\/\/api.w.org\/{rel}","templated":true}]}}