{"id":4683,"date":"2025-04-08T17:32:56","date_gmt":"2025-04-08T17:32:56","guid":{"rendered":"https:\/\/reporte272.com\/portal\/?p=4683"},"modified":"2025-04-08T17:32:57","modified_gmt":"2025-04-08T17:32:57","slug":"una-persona-detenida-y-objetos-asegurados-en-operativo-de-cateo-con-fuerzas-federales-y-estatales-en-rafael-delgado","status":"publish","type":"post","link":"https:\/\/reporte272.com\/portal\/una-persona-detenida-y-objetos-asegurados-en-operativo-de-cateo-con-fuerzas-federales-y-estatales-en-rafael-delgado\/","title":{"rendered":"Una persona detenida y objetos asegurados en operativo de cateo con fuerzas federales y estatales en Rafael Delgado"},"content":{"rendered":"\n<p class=\"wp-block-paragraph\"><strong>Rafael Delgado, Ver., a 8 de abril del 2025.-<\/strong>La Fiscal\u00eda General del Estado informa que, Fiscales, Peritos y Polic\u00edas Ministeriales adscritos a la Fiscal\u00eda Regional C\u00f3rdoba, en coordinaci\u00f3n con la Secretar\u00eda de la Defensa Nacional, Guardia Nacional y la Secretar\u00eda de Seguridad P\u00fablica Estatal, llevaron a cabo un cateo autorizado por un juez en la localidad de Jalapilla en este municipio.<\/p>\n\n\n\n<p class=\"wp-block-paragraph\">En el lugar se logr\u00f3 la detenci\u00f3n en flagrancia de Ciclaris \u201cN\u201d y el aseguramiento de hierba verde seca con caracter\u00edsticas similares a las de la marihuana, polvo blanco granulado con caracter\u00edsticas similares a las del cristal, un tel\u00e9fono celular y pipas de cristal.<\/p>\n\n\n\n<p class=\"wp-block-paragraph\">Respetando sus derechos humanos y el debido proceso, la detenida fue presentada ante el fiscal correspondiente de la Fiscal\u00eda Regional C\u00f3rdoba para que defina su situaci\u00f3n jur\u00eddica.<\/p>\n","protected":false},"excerpt":{"rendered":"<p>Rafael Delgado, Ver., a 8 de abril del 2025.-La Fiscal\u00eda General del Estado informa que, Fiscales, Peritos y Polic\u00edas Ministeriales adscritos a la Fiscal\u00eda Regional C\u00f3rdoba, en coordinaci\u00f3n con la Secretar\u00eda de la Defensa Nacional, Guardia Nacional y la Secretar\u00eda de Seguridad P\u00fablica Estatal, llevaron a cabo un cateo autorizado por un juez en la [&hellip;]<\/p>\n","protected":false},"author":2,"featured_media":4684,"comment_status":"open","ping_status":"open","sticky":false,"template":"","format":"standard","meta":{"rop_custom_images_group":[],"rop_custom_messages_group":[],"rop_publish_now":"initial","rop_publish_now_accounts":{"facebook_2001103103558832_108675811699976":""},"rop_publish_now_history":[],"rop_publish_now_status":"pending","footnotes":""},"categories":[9],"tags":[],"class_list":["post-4683","post","type-post","status-publish","format-standard","has-post-thumbnail","hentry","category-policiaca"],"_links":{"self":[{"href":"https:\/\/reporte272.com\/portal\/wp-json\/wp\/v2\/posts\/4683","targetHints":{"allow":["GET"]}}],"collection":[{"href":"https:\/\/reporte272.com\/portal\/wp-json\/wp\/v2\/posts"}],"about":[{"href":"https:\/\/reporte272.com\/portal\/wp-json\/wp\/v2\/types\/post"}],"author":[{"embeddable":true,"href":"https:\/\/reporte272.com\/portal\/wp-json\/wp\/v2\/users\/2"}],"replies":[{"embeddable":true,"href":"https:\/\/reporte272.com\/portal\/wp-json\/wp\/v2\/comments?post=4683"}],"version-history":[{"count":1,"href":"https:\/\/reporte272.com\/portal\/wp-json\/wp\/v2\/posts\/4683\/revisions"}],"predecessor-version":[{"id":4685,"href":"https:\/\/reporte272.com\/portal\/wp-json\/wp\/v2\/posts\/4683\/revisions\/4685"}],"wp:featuredmedia":[{"embeddable":true,"href":"https:\/\/reporte272.com\/portal\/wp-json\/wp\/v2\/media\/4684"}],"wp:attachment":[{"href":"https:\/\/reporte272.com\/portal\/wp-json\/wp\/v2\/media?parent=4683"}],"wp:term":[{"taxonomy":"category","embeddable":true,"href":"https:\/\/reporte272.com\/portal\/wp-json\/wp\/v2\/categories?post=4683"},{"taxonomy":"post_tag","embeddable":true,"href":"https:\/\/reporte272.com\/portal\/wp-json\/wp\/v2\/tags?post=4683"}],"curies":[{"name":"wp","href":"https:\/\/api.w.org\/{rel}","templated":true}]}}