{"id":4693,"date":"2025-04-10T00:12:39","date_gmt":"2025-04-10T00:12:39","guid":{"rendered":"https:\/\/reporte272.com\/portal\/?p=4693"},"modified":"2025-04-10T02:04:48","modified_gmt":"2025-04-10T02:04:48","slug":"la-calle-del-acueducto-de-orizaba-no-tiene-dueno","status":"publish","type":"post","link":"https:\/\/reporte272.com\/portal\/la-calle-del-acueducto-de-orizaba-no-tiene-dueno\/","title":{"rendered":"La calle del acueducto no tiene due\u00f1o"},"content":{"rendered":"\n<p class=\"wp-block-paragraph\">**Los presuntos propietarios no han acreditado legalmente la posesi\u00f3n y ni siquiera est\u00e1n registrados en el padr\u00f3n catastral.<\/p>\n\n\n\n<p class=\"wp-block-paragraph\"><strong>Orizaba, Ver. (Reporte272).-<\/strong> El presidente del comit\u00e9 vecinal de la colonia San Juan Bautista, Erubiel Ponce Sierra y vecinos de la calle del Acueducto, dieron a conocer que la calle del acueducto no tiene due\u00f1o, ya que los presuntos propietarios no han acreditado legalmente la posesi\u00f3n de la propiedad, no est\u00e1n inscritos como adquirientes o poseedores por consiguiente ni siquiera est\u00e1n registrados en el padr\u00f3n catastral.<\/p>\n\n\n\n<p class=\"wp-block-paragraph\">Ponce Sierra se\u00f1al\u00f3 que desde 2002, el comit\u00e9 que representa se dio a la tarea de gestionar de manera formal ante diversas autoridades la pavimentaci\u00f3n de la calle del acueducto considerada por los vecinos como una v\u00eda p\u00fablica desde hacem\u00e1s de 40 a\u00f1os.<\/p>\n\n\n\n<p class=\"wp-block-paragraph\">\u201cTenemos escrituras, algunas datan de 1976, en donde declaran el camino (calle del acueducto) como servidumbre de paso eterna\u201d, afirm\u00f3 Ponce Sierra. \u201cHemos investigado en el Registro P\u00fablico de la Propiedad y no hay ning\u00fan documento que respalde la supuesta propiedad de quienes ahora quieren adjudicarse la calle\u201d.<\/p>\n\n\n\n<p class=\"wp-block-paragraph\">De acuerdo con el representante vecinal, los presuntos propietarios argumentan haber obtenido los terrenos en un remate derivado de un juicio laboral fechado el 8 de agosto de 2006. Sin embargo, no se ha presentado escritura alguna ni se ha demostrado tengan la posesi\u00f3n del predio, lo cual es requisito indispensable para configurar el delito de despojo que ahora denuncian.<\/p>\n\n\n\n<p class=\"wp-block-paragraph\">\u201cEl C\u00f3digo Penal del Estado de Veracruz y la jurisprudencia establecen que el despojo protege la posesi\u00f3n, no tanto la propiedad que supuestamente la Junta de Conciliaci\u00f3n y Arbitraje les otorgo sino un laudo . Ellos nunca tuvieron la posesi\u00f3n de esta calle, que desde hace d\u00e9cadas ha sido utilizada como v\u00eda p\u00fablica\u201d, explic\u00f3.<\/p>\n\n\n\n<p class=\"wp-block-paragraph\"><strong>Precis\u00f3 que en 2011, cuando el territorio pas\u00f3 a jurisdicci\u00f3n del municipio de Orizaba,<\/strong> solicitaron la obra de pavimentaci\u00f3n al ex alcalde Hugo Chah\u00edn como al alcalde Igor sin tener una respuesta positiva hasta que  <\/p>\n\n\n\n<p class=\"wp-block-paragraph\">Para octubre 2020 se retom\u00f3 la gesti\u00f3n con nuevas investigaciones que confirmaron la extinci\u00f3n del juicio y cualquier derecho de los extrabajadores involucrados en el juicio laboral.<\/p>\n\n\n\n<p class=\"wp-block-paragraph\">\u201cEl Instituto Federal de Defensor\u00eda P\u00fablica nos apoy\u00f3, y promovimos juicios de amparo al ex gobernador Cuitlahuac Garc\u00eda Jim\u00e9nez al entonces Diputado Javier Gomez Cazarin . El derecho que ellos dicen tener  se extingui\u00f3\u201d, dijo.<\/p>\n\n\n\n<p class=\"wp-block-paragraph\">Los colonos expresaron que fue hasta el tercer mandato de Juan Manuel D\u00edez cuando finalmente los escucharon despu\u00e9s de tantos oficios y demandas que le giraron, debido a que en sus anteriores administraciones se hab\u00eda negado por est\u00e1 situaci\u00f3n\u201d, expres\u00f3.<\/p>\n\n\n\n<p class=\"wp-block-paragraph\">Finalmente aseguraron tener conocimiento de que los supuestos due\u00f1os intentaron vender la calle al municipio en 2012, exigiendo una fuerte suma de dinero, pese a que desde 1997 <strong>ya no hab\u00eda infraestructura hidr\u00e1ulica en el lugar que ellos mismos las retiraron.<\/strong><\/p>\n","protected":false},"excerpt":{"rendered":"<p>**Los presuntos propietarios no han acreditado legalmente la posesi\u00f3n y ni siquiera est\u00e1n registrados en el padr\u00f3n catastral. Orizaba, Ver. (Reporte272).- El presidente del comit\u00e9 vecinal de la colonia San Juan Bautista, Erubiel Ponce Sierra y vecinos de la calle del Acueducto, dieron a conocer que la calle del acueducto no tiene due\u00f1o, ya que [&hellip;]<\/p>\n","protected":false},"author":2,"featured_media":4694,"comment_status":"open","ping_status":"open","sticky":false,"template":"","format":"standard","meta":{"rop_custom_images_group":[],"rop_custom_messages_group":[],"rop_publish_now":"initial","rop_publish_now_accounts":{"facebook_2001103103558832_108675811699976":""},"rop_publish_now_history":[],"rop_publish_now_status":"pending","footnotes":""},"categories":[5,10],"tags":[],"class_list":["post-4693","post","type-post","status-publish","format-standard","has-post-thumbnail","hentry","category-local","category-portada"],"_links":{"self":[{"href":"https:\/\/reporte272.com\/portal\/wp-json\/wp\/v2\/posts\/4693","targetHints":{"allow":["GET"]}}],"collection":[{"href":"https:\/\/reporte272.com\/portal\/wp-json\/wp\/v2\/posts"}],"about":[{"href":"https:\/\/reporte272.com\/portal\/wp-json\/wp\/v2\/types\/post"}],"author":[{"embeddable":true,"href":"https:\/\/reporte272.com\/portal\/wp-json\/wp\/v2\/users\/2"}],"replies":[{"embeddable":true,"href":"https:\/\/reporte272.com\/portal\/wp-json\/wp\/v2\/comments?post=4693"}],"version-history":[{"count":2,"href":"https:\/\/reporte272.com\/portal\/wp-json\/wp\/v2\/posts\/4693\/revisions"}],"predecessor-version":[{"id":4697,"href":"https:\/\/reporte272.com\/portal\/wp-json\/wp\/v2\/posts\/4693\/revisions\/4697"}],"wp:featuredmedia":[{"embeddable":true,"href":"https:\/\/reporte272.com\/portal\/wp-json\/wp\/v2\/media\/4694"}],"wp:attachment":[{"href":"https:\/\/reporte272.com\/portal\/wp-json\/wp\/v2\/media?parent=4693"}],"wp:term":[{"taxonomy":"category","embeddable":true,"href":"https:\/\/reporte272.com\/portal\/wp-json\/wp\/v2\/categories?post=4693"},{"taxonomy":"post_tag","embeddable":true,"href":"https:\/\/reporte272.com\/portal\/wp-json\/wp\/v2\/tags?post=4693"}],"curies":[{"name":"wp","href":"https:\/\/api.w.org\/{rel}","templated":true}]}}