{"id":4698,"date":"2025-04-10T02:09:17","date_gmt":"2025-04-10T02:09:17","guid":{"rendered":"https:\/\/reporte272.com\/portal\/?p=4698"},"modified":"2025-04-10T02:09:18","modified_gmt":"2025-04-10T02:09:18","slug":"hospitalizan-de-emergencia-a-lucia-mendez","status":"publish","type":"post","link":"https:\/\/reporte272.com\/portal\/hospitalizan-de-emergencia-a-lucia-mendez\/","title":{"rendered":"Hospitalizan de emergencia a Luc\u00eda M\u00e9ndez"},"content":{"rendered":"\n<p class=\"wp-block-paragraph\">La actriz Luc\u00eda M\u00e9ndez fue hospitalizada de emergencia este 9 de abril; as\u00ed lo dieron a conocer medios de comunicaci\u00f3n a trav\u00e9s de redes sociales.<\/p>\n\n\n\n<p class=\"wp-block-paragraph\">De manera extraoficial se conoci\u00f3 que la actriz habr\u00eda presentado fuertes complicaciones en su estado de salud relacionadas con un\u00a0contagio de Covid-19.<\/p>\n","protected":false},"excerpt":{"rendered":"<p>La actriz Luc\u00eda M\u00e9ndez fue hospitalizada de emergencia este 9 de abril; as\u00ed lo dieron a conocer medios de comunicaci\u00f3n a trav\u00e9s de redes sociales. De manera extraoficial se conoci\u00f3 que la actriz habr\u00eda presentado fuertes complicaciones en su estado de salud relacionadas con un\u00a0contagio de Covid-19.<\/p>\n","protected":false},"author":2,"featured_media":4699,"comment_status":"open","ping_status":"open","sticky":false,"template":"","format":"standard","meta":{"rop_custom_images_group":[],"rop_custom_messages_group":[],"rop_publish_now":"initial","rop_publish_now_accounts":{"facebook_2001103103558832_108675811699976":""},"rop_publish_now_history":[],"rop_publish_now_status":"pending","footnotes":""},"categories":[7,1],"tags":[],"class_list":["post-4698","post","type-post","status-publish","format-standard","has-post-thumbnail","hentry","category-nacional","category-sin-categoria"],"_links":{"self":[{"href":"https:\/\/reporte272.com\/portal\/wp-json\/wp\/v2\/posts\/4698","targetHints":{"allow":["GET"]}}],"collection":[{"href":"https:\/\/reporte272.com\/portal\/wp-json\/wp\/v2\/posts"}],"about":[{"href":"https:\/\/reporte272.com\/portal\/wp-json\/wp\/v2\/types\/post"}],"author":[{"embeddable":true,"href":"https:\/\/reporte272.com\/portal\/wp-json\/wp\/v2\/users\/2"}],"replies":[{"embeddable":true,"href":"https:\/\/reporte272.com\/portal\/wp-json\/wp\/v2\/comments?post=4698"}],"version-history":[{"count":1,"href":"https:\/\/reporte272.com\/portal\/wp-json\/wp\/v2\/posts\/4698\/revisions"}],"predecessor-version":[{"id":4700,"href":"https:\/\/reporte272.com\/portal\/wp-json\/wp\/v2\/posts\/4698\/revisions\/4700"}],"wp:featuredmedia":[{"embeddable":true,"href":"https:\/\/reporte272.com\/portal\/wp-json\/wp\/v2\/media\/4699"}],"wp:attachment":[{"href":"https:\/\/reporte272.com\/portal\/wp-json\/wp\/v2\/media?parent=4698"}],"wp:term":[{"taxonomy":"category","embeddable":true,"href":"https:\/\/reporte272.com\/portal\/wp-json\/wp\/v2\/categories?post=4698"},{"taxonomy":"post_tag","embeddable":true,"href":"https:\/\/reporte272.com\/portal\/wp-json\/wp\/v2\/tags?post=4698"}],"curies":[{"name":"wp","href":"https:\/\/api.w.org\/{rel}","templated":true}]}}