{"id":4701,"date":"2025-04-10T04:33:16","date_gmt":"2025-04-10T04:33:16","guid":{"rendered":"https:\/\/reporte272.com\/portal\/?p=4701"},"modified":"2025-04-10T04:33:17","modified_gmt":"2025-04-10T04:33:17","slug":"choque-por-alcance-en-entronque-de-vicente-guerrero-en-rio-blanco","status":"publish","type":"post","link":"https:\/\/reporte272.com\/portal\/choque-por-alcance-en-entronque-de-vicente-guerrero-en-rio-blanco\/","title":{"rendered":"Choque por alcance en entronque de Vicente Guerrero, en Rio Blanco"},"content":{"rendered":"\n<p class=\"wp-block-paragraph\"><strong>Rio Blanco, Ver. (Reporte272).- <\/strong>Da\u00f1os materiales considerables, asi como la movilizaci\u00f3n de cuerpos policiales de los tres \u00f3rdenes de Gobierno y el cierre parcial de la circulaci\u00f3n vehicular de la avenida de Camino Nacional, fue el saldo que dej\u00f3 el choque por alcance entre una patrulla de la Policia Ministerial Acreditable y un veh\u00edculo particular a la altura de la Colonia Benito Ju\u00e1rez, del municipio de Rio Blanco.<\/p>\n\n\n\n<p class=\"wp-block-paragraph\">En redes sociales trascendi\u00f3 sobre una situaci\u00f3n de riesgo o balacera, versi\u00f3n que fue descartada por las autoridades ya que \u00fanicamente se trat\u00f3 de una colisi\u00f3n por alcance entre dos unidades automotoras.<\/p>\n\n\n\n<p class=\"wp-block-paragraph\">Se conoce que, el incidente se present\u00f3 esta noche de mi\u00e9rcoles sobre la Carretera Federal 150 Orizaba- Tehuac\u00e1n esquina Calle Justo Sierra y el Entronque a la Autopista de Vicente Guerrero.<\/p>\n\n\n\n<p class=\"wp-block-paragraph\">En el mismo se vio involucrado un autom\u00f3vil particular marca Nissan Versa de color arena y con laminas YFU370B de Veracruz y una patrulla de la Polic\u00eda Ministerial Acreditable con base en Orizaba, marca Toyota Hilux, de color negro, doble cabina con batea, con placas del Estado, esta \u00faltima presuntamente responsable del incidente debido a que no guard\u00f3 su respectiva distancia entre cada unidad automotora al viajar en aparente exceso de velocidad.<\/p>\n\n\n\n<p class=\"wp-block-paragraph\">Al sitio llegaron t\u00e9cnicos en urgencias m\u00e9dicas de Protecci\u00f3n Civil municipal los cuales tomaron conocimiento y confirmaron que no hab\u00eda personas lesionadas, \u00fanicamente da\u00f1os materiales, por lo que el lugar fue resguardado por oficiales de la Polic\u00eda Estatal y de la Sedena.<\/p>\n","protected":false},"excerpt":{"rendered":"<p>Rio Blanco, Ver. (Reporte272).- Da\u00f1os materiales considerables, asi como la movilizaci\u00f3n de cuerpos policiales de los tres \u00f3rdenes de Gobierno y el cierre parcial de la circulaci\u00f3n vehicular de la avenida de Camino Nacional, fue el saldo que dej\u00f3 el choque por alcance entre una patrulla de la Policia Ministerial Acreditable y un veh\u00edculo particular [&hellip;]<\/p>\n","protected":false},"author":2,"featured_media":4702,"comment_status":"open","ping_status":"open","sticky":false,"template":"","format":"standard","meta":{"rop_custom_images_group":[],"rop_custom_messages_group":[],"rop_publish_now":"initial","rop_publish_now_accounts":{"facebook_2001103103558832_108675811699976":""},"rop_publish_now_history":[],"rop_publish_now_status":"pending","footnotes":""},"categories":[9],"tags":[],"class_list":["post-4701","post","type-post","status-publish","format-standard","has-post-thumbnail","hentry","category-policiaca"],"_links":{"self":[{"href":"https:\/\/reporte272.com\/portal\/wp-json\/wp\/v2\/posts\/4701","targetHints":{"allow":["GET"]}}],"collection":[{"href":"https:\/\/reporte272.com\/portal\/wp-json\/wp\/v2\/posts"}],"about":[{"href":"https:\/\/reporte272.com\/portal\/wp-json\/wp\/v2\/types\/post"}],"author":[{"embeddable":true,"href":"https:\/\/reporte272.com\/portal\/wp-json\/wp\/v2\/users\/2"}],"replies":[{"embeddable":true,"href":"https:\/\/reporte272.com\/portal\/wp-json\/wp\/v2\/comments?post=4701"}],"version-history":[{"count":1,"href":"https:\/\/reporte272.com\/portal\/wp-json\/wp\/v2\/posts\/4701\/revisions"}],"predecessor-version":[{"id":4703,"href":"https:\/\/reporte272.com\/portal\/wp-json\/wp\/v2\/posts\/4701\/revisions\/4703"}],"wp:featuredmedia":[{"embeddable":true,"href":"https:\/\/reporte272.com\/portal\/wp-json\/wp\/v2\/media\/4702"}],"wp:attachment":[{"href":"https:\/\/reporte272.com\/portal\/wp-json\/wp\/v2\/media?parent=4701"}],"wp:term":[{"taxonomy":"category","embeddable":true,"href":"https:\/\/reporte272.com\/portal\/wp-json\/wp\/v2\/categories?post=4701"},{"taxonomy":"post_tag","embeddable":true,"href":"https:\/\/reporte272.com\/portal\/wp-json\/wp\/v2\/tags?post=4701"}],"curies":[{"name":"wp","href":"https:\/\/api.w.org\/{rel}","templated":true}]}}