{"id":4704,"date":"2025-04-10T04:40:48","date_gmt":"2025-04-10T04:40:48","guid":{"rendered":"https:\/\/reporte272.com\/portal\/?p=4704"},"modified":"2025-04-10T04:40:49","modified_gmt":"2025-04-10T04:40:49","slug":"a%f0%9d%98%86%f0%9d%98%82%f0%9d%97%bb%f0%9d%98%81%f0%9d%97%ae%f0%9d%97%ba%f0%9d%97%b6%f0%9d%97%b2%f0%9d%97%bb%f0%9d%98%81%f0%9d%97%bc-atiende-%f0%9d%97%bf%f0%9d%97%b2%f0%9d%97%bd%f0%9d%97%bc","status":"publish","type":"post","link":"https:\/\/reporte272.com\/portal\/a%f0%9d%98%86%f0%9d%98%82%f0%9d%97%bb%f0%9d%98%81%f0%9d%97%ae%f0%9d%97%ba%f0%9d%97%b6%f0%9d%97%b2%f0%9d%97%bb%f0%9d%98%81%f0%9d%97%bc-atiende-%f0%9d%97%bf%f0%9d%97%b2%f0%9d%97%bd%f0%9d%97%bc\/","title":{"rendered":"A\ud835\ude06\ud835\ude02\ud835\uddfb\ud835\ude01\ud835\uddee\ud835\uddfa\ud835\uddf6\ud835\uddf2\ud835\uddfb\ud835\ude01\ud835\uddfc atiende \ud835\uddff\ud835\uddf2\ud835\uddfd\ud835\uddfc\ud835\uddff\ud835\ude01\ud835\uddf2\ud835\ude00 \ud835\uddf0\ud835\uddf6\ud835\ude02\ud835\uddf1\ud835\uddee\ud835\uddf1\ud835\uddee\ud835\uddfb\ud835\uddfc\ud835\ude00 \ud835\ude00\ud835\uddfc\ud835\uddef\ud835\uddff\ud835\uddf2 \ud835\uddf9\ud835\ude02\ud835\uddfa\ud835\uddf6\ud835\uddfb\ud835\uddee\ud835\uddff\ud835\uddf6\ud835\uddee\ud835\ude00 \ud835\uddf2\ud835\uddfb \ud835\uddf0\ud835\uddfc\ud835\uddf9\ud835\uddfc\ud835\uddfb\ud835\uddf6\ud835\uddee\ud835\ude00 \ud835\uddf1\ud835\uddf2\ud835\uddf9 \ud835\uddfa\ud835\ude02\ud835\uddfb\ud835\uddf6\ud835\uddf0\ud835\uddf6\ud835\uddfd\ud835\uddf6\ud835\uddfc"},"content":{"rendered":"\n<p class=\"wp-block-paragraph\"><strong>Camerino Z. Mendoza, Ver., A 9 de abril de 2025.- <\/strong>El H. Ayuntamiento de Camerino Z. Mendoza, a trav\u00e9s de la Coordinaci\u00f3n de Alumbrado P\u00fablico, implementa un programa permanente para atender los reportes ciudadanos relacionados con luminarias en mal estado, como parte del compromiso de esta administraci\u00f3n con la seguridad y el bienestar de los mendocinos.<\/p>\n\n\n\n<p class=\"wp-block-paragraph\">El coordinador del \u00e1rea, Didier Garc\u00eda Dom\u00ednguez, inform\u00f3 que estas acciones se realizan con el respaldo del presidente municipal, C. H\u00e9ctor Rodr\u00edguez Cort\u00e9s, y del cuerpo edilicio, quienes autorizaron la adquisici\u00f3n de nuevas luminarias para dar pronta respuesta a las solicitudes vecinales, y se ha sumado el apoyo de los presidentes de colonias.<\/p>\n\n\n\n<p class=\"wp-block-paragraph\">\u201cEl desgaste por uso prolongado, fallas t\u00e9cnicas o da\u00f1os en el sistema han ocasionado que algunas luminarias dejen de funcionar, se mantengan encendidas durante el d\u00eda o simplemente se apaguen. Gracias a los reportes ciudadanos, hemos podido identificar y atender estas problem\u00e1ticas\u201d, se\u00f1al\u00f3.<\/p>\n\n\n\n<p class=\"wp-block-paragraph\">Hasta el momento, se ha trabajado en colonias como El \u00c1guila, Madero, Prado y Jard\u00edn, y el programa continuar\u00e1 en las distintas zonas del municipio conforme a la lista de solicitudes registradas.<\/p>\n\n\n\n<p class=\"wp-block-paragraph\">Garc\u00eda Dom\u00ednguez record\u00f3 que, al inicio de esta administraci\u00f3n, la ciudad presentaba serias deficiencias en materia de alumbrado p\u00fablico. \u201cSeguramente los ciudadanos recuerdan que recibimos una ciudad a oscuras. Hoy contamos con una cobertura de iluminaci\u00f3n mucho m\u00e1s amplia y seguimos trabajando para mejorarla d\u00eda con d\u00eda\u201d, afirm\u00f3.<\/p>\n\n\n\n<p class=\"wp-block-paragraph\">\u201cSe contempla atender todos los reportes sobre luminarias de la ciudad, de acuerdo a la programaci\u00f3n por colonias, solo pedimos comprensi\u00f3n en los tiempos de espera\u201d, pidi\u00f3 el Coordinador.<\/p>\n\n\n\n<p class=\"wp-block-paragraph\">El Ayuntamiento invita a la poblaci\u00f3n a seguir reportando cualquier anomal\u00eda en el sistema de alumbrado p\u00fablico a trav\u00e9s de los canales oficiales, reafirmando su compromiso de mantener espacios p\u00fablicos seguros y bien iluminados para todas y todos.<\/p>\n","protected":false},"excerpt":{"rendered":"<p>Camerino Z. Mendoza, Ver., A 9 de abril de 2025.- El H. Ayuntamiento de Camerino Z. Mendoza, a trav\u00e9s de la Coordinaci\u00f3n de Alumbrado P\u00fablico, implementa un programa permanente para atender los reportes ciudadanos relacionados con luminarias en mal estado, como parte del compromiso de esta administraci\u00f3n con la seguridad y el bienestar de los [&hellip;]<\/p>\n","protected":false},"author":2,"featured_media":4705,"comment_status":"open","ping_status":"open","sticky":false,"template":"","format":"standard","meta":{"rop_custom_images_group":[],"rop_custom_messages_group":[],"rop_publish_now":"initial","rop_publish_now_accounts":{"facebook_2001103103558832_108675811699976":""},"rop_publish_now_history":[],"rop_publish_now_status":"pending","footnotes":""},"categories":[5],"tags":[],"class_list":["post-4704","post","type-post","status-publish","format-standard","has-post-thumbnail","hentry","category-local"],"_links":{"self":[{"href":"https:\/\/reporte272.com\/portal\/wp-json\/wp\/v2\/posts\/4704","targetHints":{"allow":["GET"]}}],"collection":[{"href":"https:\/\/reporte272.com\/portal\/wp-json\/wp\/v2\/posts"}],"about":[{"href":"https:\/\/reporte272.com\/portal\/wp-json\/wp\/v2\/types\/post"}],"author":[{"embeddable":true,"href":"https:\/\/reporte272.com\/portal\/wp-json\/wp\/v2\/users\/2"}],"replies":[{"embeddable":true,"href":"https:\/\/reporte272.com\/portal\/wp-json\/wp\/v2\/comments?post=4704"}],"version-history":[{"count":1,"href":"https:\/\/reporte272.com\/portal\/wp-json\/wp\/v2\/posts\/4704\/revisions"}],"predecessor-version":[{"id":4706,"href":"https:\/\/reporte272.com\/portal\/wp-json\/wp\/v2\/posts\/4704\/revisions\/4706"}],"wp:featuredmedia":[{"embeddable":true,"href":"https:\/\/reporte272.com\/portal\/wp-json\/wp\/v2\/media\/4705"}],"wp:attachment":[{"href":"https:\/\/reporte272.com\/portal\/wp-json\/wp\/v2\/media?parent=4704"}],"wp:term":[{"taxonomy":"category","embeddable":true,"href":"https:\/\/reporte272.com\/portal\/wp-json\/wp\/v2\/categories?post=4704"},{"taxonomy":"post_tag","embeddable":true,"href":"https:\/\/reporte272.com\/portal\/wp-json\/wp\/v2\/tags?post=4704"}],"curies":[{"name":"wp","href":"https:\/\/api.w.org\/{rel}","templated":true}]}}