{"id":4710,"date":"2025-04-10T05:32:23","date_gmt":"2025-04-10T05:32:23","guid":{"rendered":"https:\/\/reporte272.com\/portal\/?p=4710"},"modified":"2025-04-10T05:32:24","modified_gmt":"2025-04-10T05:32:24","slug":"despues-de-casi-7-meses-reabren-el-boulevard-tratados-de-cordoba","status":"publish","type":"post","link":"https:\/\/reporte272.com\/portal\/despues-de-casi-7-meses-reabren-el-boulevard-tratados-de-cordoba\/","title":{"rendered":"Despu\u00e9s de casi 7 meses, reabren el boulevard Tratados de C\u00f3rdoba"},"content":{"rendered":"\n<p class=\"wp-block-paragraph\"><strong>C\u00f3rdoba, Ver.- <\/strong>Autoridades Municipales aperturaron este mi\u00e9rcoles la circulaci\u00f3n del carril con direcci\u00f3n San Rom\u00e1n con la avenida 11 del boulevard Tratados de C\u00f3rdoba, luego de la rehabilitaci\u00f3n total.<br>En el lugar, el presidente Municipal Juan Mart\u00ednez Flores, declar\u00f3 que se dio cumplimiento a cada una de etapas de los trabajos de rehabilitaci\u00f3n del socavon que se gener\u00f3 tras la implosi\u00f3n de una tuber\u00eda de un arroyo.<br>&#8220;Una disculpa p\u00fablica por todos los detalles que fueron de la naturaleza que ya hicimos de conocimiento a la ciudadan\u00eda con respecto a la causa que ocasion\u00f3 el socavon, con mucho orgullo cumplimos con lo que la Secretar\u00eda de Infraestructura Comunicaciones y Transporte nos solicitaba con cada avance correspondiente a la obra&#8221;, afirm\u00f3.<br>Adem\u00e1s, se dio a conocer que sigue una segunda parte, que se refiere a la intervenci\u00f3n de un tramo aproximado de 10 metros de uno de los carriles con direcci\u00f3n de la avenida 11 hac\u00eda San Rom\u00e1n a la altura de las agencias, para que se efect\u00fae la rehabilitaci\u00f3n de esa vialidad que tambi\u00e9n fue afectada con un hundimiento.<\/p>\n","protected":false},"excerpt":{"rendered":"<p>C\u00f3rdoba, Ver.- Autoridades Municipales aperturaron este mi\u00e9rcoles la circulaci\u00f3n del carril con direcci\u00f3n San Rom\u00e1n con la avenida 11 del boulevard Tratados de C\u00f3rdoba, luego de la rehabilitaci\u00f3n total.En el lugar, el presidente Municipal Juan Mart\u00ednez Flores, declar\u00f3 que se dio cumplimiento a cada una de etapas de los trabajos de rehabilitaci\u00f3n del socavon que [&hellip;]<\/p>\n","protected":false},"author":2,"featured_media":4711,"comment_status":"open","ping_status":"open","sticky":false,"template":"","format":"standard","meta":{"rop_custom_images_group":[],"rop_custom_messages_group":[],"rop_publish_now":"initial","rop_publish_now_accounts":{"facebook_2001103103558832_108675811699976":""},"rop_publish_now_history":[],"rop_publish_now_status":"pending","footnotes":""},"categories":[6],"tags":[],"class_list":["post-4710","post","type-post","status-publish","format-standard","has-post-thumbnail","hentry","category-estatal"],"_links":{"self":[{"href":"https:\/\/reporte272.com\/portal\/wp-json\/wp\/v2\/posts\/4710","targetHints":{"allow":["GET"]}}],"collection":[{"href":"https:\/\/reporte272.com\/portal\/wp-json\/wp\/v2\/posts"}],"about":[{"href":"https:\/\/reporte272.com\/portal\/wp-json\/wp\/v2\/types\/post"}],"author":[{"embeddable":true,"href":"https:\/\/reporte272.com\/portal\/wp-json\/wp\/v2\/users\/2"}],"replies":[{"embeddable":true,"href":"https:\/\/reporte272.com\/portal\/wp-json\/wp\/v2\/comments?post=4710"}],"version-history":[{"count":1,"href":"https:\/\/reporte272.com\/portal\/wp-json\/wp\/v2\/posts\/4710\/revisions"}],"predecessor-version":[{"id":4712,"href":"https:\/\/reporte272.com\/portal\/wp-json\/wp\/v2\/posts\/4710\/revisions\/4712"}],"wp:featuredmedia":[{"embeddable":true,"href":"https:\/\/reporte272.com\/portal\/wp-json\/wp\/v2\/media\/4711"}],"wp:attachment":[{"href":"https:\/\/reporte272.com\/portal\/wp-json\/wp\/v2\/media?parent=4710"}],"wp:term":[{"taxonomy":"category","embeddable":true,"href":"https:\/\/reporte272.com\/portal\/wp-json\/wp\/v2\/categories?post=4710"},{"taxonomy":"post_tag","embeddable":true,"href":"https:\/\/reporte272.com\/portal\/wp-json\/wp\/v2\/tags?post=4710"}],"curies":[{"name":"wp","href":"https:\/\/api.w.org\/{rel}","templated":true}]}}