{"id":4713,"date":"2025-04-10T05:47:59","date_gmt":"2025-04-10T05:47:59","guid":{"rendered":"https:\/\/reporte272.com\/portal\/?p=4713"},"modified":"2025-04-10T05:48:00","modified_gmt":"2025-04-10T05:48:00","slug":"dos-millones-de-estudiantes-y-136-mil-docentes-disfrutaran-del-receso-vacacional","status":"publish","type":"post","link":"https:\/\/reporte272.com\/portal\/dos-millones-de-estudiantes-y-136-mil-docentes-disfrutaran-del-receso-vacacional\/","title":{"rendered":"Dos millones de estudiantes y 136 mil docentes disfrutar\u00e1n del receso vacacional"},"content":{"rendered":"\n<p class=\"wp-block-paragraph\"><strong>Xalapa, Ver., mi\u00e9rcoles 09 de abril de 2025.-<\/strong>&nbsp;Del 14 al 25 de abril, dos millones 22 mil 797 estudiantes y 136 mil 762 docentes de los distintos niveles y subsistemas educativos disfrutar\u00e1n del periodo vacacional, conforme al calendario oficial de la Secretar\u00eda de Educaci\u00f3n P\u00fablica (SEP).<\/p>\n\n\n\n<p class=\"wp-block-paragraph\">Durante este lapso permanecer\u00e1n cerradas 25 mil 338 escuelas distribuidas en los 212 municipios del estado; sin embargo, el personal administrativo de guardia continuar\u00e1 labores en las oficinas centrales y delegaciones regionales.<\/p>\n\n\n\n<p class=\"wp-block-paragraph\">Para prevenir actos vand\u00e1licos en los planteles, la Secretar\u00eda de Educaci\u00f3n de Veracruz solicit\u00f3 el apoyo de la Secretar\u00eda de Seguridad P\u00fablica, que en coordinaci\u00f3n con corporaciones federales y municipales implementar\u00e1 operativos de vigilancia, como en cada periodo vacacional.<\/p>\n\n\n\n<p class=\"wp-block-paragraph\">La dependencia exhorta a madres, padres de familia y vecinos de las escuelas a reportar de inmediato cualquier situaci\u00f3n sospechosa.<\/p>\n","protected":false},"excerpt":{"rendered":"<p>Xalapa, Ver., mi\u00e9rcoles 09 de abril de 2025.-&nbsp;Del 14 al 25 de abril, dos millones 22 mil 797 estudiantes y 136 mil 762 docentes de los distintos niveles y subsistemas educativos disfrutar\u00e1n del periodo vacacional, conforme al calendario oficial de la Secretar\u00eda de Educaci\u00f3n P\u00fablica (SEP). Durante este lapso permanecer\u00e1n cerradas 25 mil 338 escuelas [&hellip;]<\/p>\n","protected":false},"author":2,"featured_media":4714,"comment_status":"open","ping_status":"open","sticky":false,"template":"","format":"standard","meta":{"rop_custom_images_group":[],"rop_custom_messages_group":[],"rop_publish_now":"initial","rop_publish_now_accounts":{"facebook_2001103103558832_108675811699976":""},"rop_publish_now_history":[],"rop_publish_now_status":"pending","footnotes":""},"categories":[6],"tags":[],"class_list":["post-4713","post","type-post","status-publish","format-standard","has-post-thumbnail","hentry","category-estatal"],"_links":{"self":[{"href":"https:\/\/reporte272.com\/portal\/wp-json\/wp\/v2\/posts\/4713","targetHints":{"allow":["GET"]}}],"collection":[{"href":"https:\/\/reporte272.com\/portal\/wp-json\/wp\/v2\/posts"}],"about":[{"href":"https:\/\/reporte272.com\/portal\/wp-json\/wp\/v2\/types\/post"}],"author":[{"embeddable":true,"href":"https:\/\/reporte272.com\/portal\/wp-json\/wp\/v2\/users\/2"}],"replies":[{"embeddable":true,"href":"https:\/\/reporte272.com\/portal\/wp-json\/wp\/v2\/comments?post=4713"}],"version-history":[{"count":1,"href":"https:\/\/reporte272.com\/portal\/wp-json\/wp\/v2\/posts\/4713\/revisions"}],"predecessor-version":[{"id":4715,"href":"https:\/\/reporte272.com\/portal\/wp-json\/wp\/v2\/posts\/4713\/revisions\/4715"}],"wp:featuredmedia":[{"embeddable":true,"href":"https:\/\/reporte272.com\/portal\/wp-json\/wp\/v2\/media\/4714"}],"wp:attachment":[{"href":"https:\/\/reporte272.com\/portal\/wp-json\/wp\/v2\/media?parent=4713"}],"wp:term":[{"taxonomy":"category","embeddable":true,"href":"https:\/\/reporte272.com\/portal\/wp-json\/wp\/v2\/categories?post=4713"},{"taxonomy":"post_tag","embeddable":true,"href":"https:\/\/reporte272.com\/portal\/wp-json\/wp\/v2\/tags?post=4713"}],"curies":[{"name":"wp","href":"https:\/\/api.w.org\/{rel}","templated":true}]}}