{"id":4728,"date":"2025-04-10T23:38:10","date_gmt":"2025-04-10T23:38:10","guid":{"rendered":"https:\/\/reporte272.com\/portal\/?p=4728"},"modified":"2025-04-10T23:38:11","modified_gmt":"2025-04-10T23:38:11","slug":"autobus-trv-se-salio-de-la-carretera-tlapacoyan-martinez-de-la-torre","status":"publish","type":"post","link":"https:\/\/reporte272.com\/portal\/autobus-trv-se-salio-de-la-carretera-tlapacoyan-martinez-de-la-torre\/","title":{"rendered":"Autob\u00fas TRV se sali\u00f3 de la carretera Tlapacoyan\u2013Mart\u00ednez de la Torre"},"content":{"rendered":"\n<p class=\"wp-block-paragraph\"><strong>Tlapacoyan, Ver. (Reporte272). \u2013<\/strong> La tarde de este jueves un autob\u00fas de pasajeros de la l\u00ednea TRV con n\u00famero enoc\u00f3mico 3227 se sali\u00f3 de la carretera a la altura de El Jobo, en el tramo Tlapacoyan\u2013Mart\u00ednez de la Torre; se reportaron dos lesionados.<br>De acuerdo al reporte preliminar, el conductor realiz\u00f3 una maniobra de emergencia para evitar un choque frontal, luego de que otro veh\u00edculo invadiera su carril perdiendo el control y por consiguiente saliendose de la carretera quedando entre un platanal.<\/p>\n","protected":false},"excerpt":{"rendered":"<p>Tlapacoyan, Ver. (Reporte272). \u2013 La tarde de este jueves un autob\u00fas de pasajeros de la l\u00ednea TRV con n\u00famero enoc\u00f3mico 3227 se sali\u00f3 de la carretera a la altura de El Jobo, en el tramo Tlapacoyan\u2013Mart\u00ednez de la Torre; se reportaron dos lesionados.De acuerdo al reporte preliminar, el conductor realiz\u00f3 una maniobra de emergencia para [&hellip;]<\/p>\n","protected":false},"author":2,"featured_media":4729,"comment_status":"open","ping_status":"open","sticky":false,"template":"","format":"standard","meta":{"rop_custom_images_group":[],"rop_custom_messages_group":[],"rop_publish_now":"initial","rop_publish_now_accounts":{"facebook_2001103103558832_108675811699976":""},"rop_publish_now_history":[],"rop_publish_now_status":"pending","footnotes":""},"categories":[9],"tags":[],"class_list":["post-4728","post","type-post","status-publish","format-standard","has-post-thumbnail","hentry","category-policiaca"],"_links":{"self":[{"href":"https:\/\/reporte272.com\/portal\/wp-json\/wp\/v2\/posts\/4728","targetHints":{"allow":["GET"]}}],"collection":[{"href":"https:\/\/reporte272.com\/portal\/wp-json\/wp\/v2\/posts"}],"about":[{"href":"https:\/\/reporte272.com\/portal\/wp-json\/wp\/v2\/types\/post"}],"author":[{"embeddable":true,"href":"https:\/\/reporte272.com\/portal\/wp-json\/wp\/v2\/users\/2"}],"replies":[{"embeddable":true,"href":"https:\/\/reporte272.com\/portal\/wp-json\/wp\/v2\/comments?post=4728"}],"version-history":[{"count":1,"href":"https:\/\/reporte272.com\/portal\/wp-json\/wp\/v2\/posts\/4728\/revisions"}],"predecessor-version":[{"id":4730,"href":"https:\/\/reporte272.com\/portal\/wp-json\/wp\/v2\/posts\/4728\/revisions\/4730"}],"wp:featuredmedia":[{"embeddable":true,"href":"https:\/\/reporte272.com\/portal\/wp-json\/wp\/v2\/media\/4729"}],"wp:attachment":[{"href":"https:\/\/reporte272.com\/portal\/wp-json\/wp\/v2\/media?parent=4728"}],"wp:term":[{"taxonomy":"category","embeddable":true,"href":"https:\/\/reporte272.com\/portal\/wp-json\/wp\/v2\/categories?post=4728"},{"taxonomy":"post_tag","embeddable":true,"href":"https:\/\/reporte272.com\/portal\/wp-json\/wp\/v2\/tags?post=4728"}],"curies":[{"name":"wp","href":"https:\/\/api.w.org\/{rel}","templated":true}]}}