{"id":4737,"date":"2025-04-11T05:57:20","date_gmt":"2025-04-11T05:57:20","guid":{"rendered":"https:\/\/reporte272.com\/portal\/?p=4737"},"modified":"2025-04-11T05:57:21","modified_gmt":"2025-04-11T05:57:21","slug":"senado-aprueba-nueva-ley-de-desarrollo-sustentable-de-la-cafeticultura","status":"publish","type":"post","link":"https:\/\/reporte272.com\/portal\/senado-aprueba-nueva-ley-de-desarrollo-sustentable-de-la-cafeticultura\/","title":{"rendered":"Senado aprueba nueva Ley de Desarrollo Sustentable de la Cafeticultura"},"content":{"rendered":"\n<p class=\"wp-block-paragraph\">Tras calificar como un avance hist\u00f3rico la aprobaci\u00f3n un\u00e1nime de la Ley de Desarrollo Sustentable de la Cafeticultura, el Senador Manuel Huerta, presidente de la Comisi\u00f3n de Agricultura, destac\u00f3 que este nuevo marco normativo tiene como objetivo \u201cnormar y fomentar la producci\u00f3n, distribuci\u00f3n, industrializaci\u00f3n y comercializaci\u00f3n del caf\u00e9, as\u00ed como establecer criterios para impulsar la calidad del producto en todas las fases de la cadena productiva\u201d.<\/p>\n\n\n\n<p class=\"wp-block-paragraph\">Asimismo, busca garantizar la integraci\u00f3n del caf\u00e9 como un producto b\u00e1sico y estrat\u00e9gico, cuya producci\u00f3n contribuya a la seguridad y a la soberan\u00eda alimentaria del pa\u00eds. En esta ley, agreg\u00f3 Huerta, se establece un nuevo mecanismo de coordinaci\u00f3n institucional con actores de los sectores p\u00fablico, privado y social, a fin de fomentar la producci\u00f3n y comercializaci\u00f3n del caf\u00e9 mexicano:<\/p>\n\n\n\n<p class=\"wp-block-paragraph\">\u201cVamos a crear la Comisi\u00f3n Nacional para el Desarrollo de la Cafeticultura Mexicana, como un espacio deliberativo sobre las pol\u00edticas que podr\u00eda implementar la Secretar\u00eda de Agricultura y Desarrollo Rural (SADER) en el sector cafetalero, principalmente en materia de fomento al comercio, seguimiento de precios y capacitaci\u00f3n\u201d, explic\u00f3 el Senador.<\/p>\n\n\n\n<p class=\"wp-block-paragraph\">Huerta record\u00f3 que, en el proceso de aprobaci\u00f3n, durante la sesi\u00f3n de Comisiones Unidas de Agricultura y Estudios Legislativos, se presentaron tres reservas que modifican disposiciones diversas en materia de seguimiento de precios y fomento a las pol\u00edticas de la cafeticultura.<\/p>\n\n\n\n<p class=\"wp-block-paragraph\">\u201cConsideramos pertinentes dichas reservas, ya que se apegan al Acuerdo Internacional del Caf\u00e9, propuesto por la Organizaci\u00f3n Internacional del Caf\u00e9 \u2014suscrito por M\u00e9xico el 19 de mayo de 2023\u2014 para garantizar mecanismos de seguimiento de precios y evitar distorsiones que perjudiquen a las personas productoras y a los consumidores\u201d, expuso Huerta.<\/p>\n\n\n\n<p class=\"wp-block-paragraph\">El Senador advirti\u00f3 que su implementaci\u00f3n es fundamental, \u201cpues, desde la disoluci\u00f3n del Instituto Mexicano del Caf\u00e9 (INMECAF\u00c9) en 1993, no existe coordinaci\u00f3n institucional para elevar la productividad cafetalera y asegurar un pago justo a las personas productoras\u201d.<\/p>\n\n\n\n<p class=\"wp-block-paragraph\">En su intervenci\u00f3n, el legislador, conocido como \u201cel Senador del Pueblo\u201d, se\u00f1al\u00f3:<\/p>\n\n\n\n<p class=\"wp-block-paragraph\">\u201cTenemos el deber de erradicar las malas pr\u00e1cticas del libre mercado y garantizar justicia social a los cafeticultores. Por eso considero que la promulgaci\u00f3n de esta ley, aunque posee apartados que podr\u00edan perfeccionarse \u2014lo cual haremos con la aprobaci\u00f3n de las reservas\u2014, es necesaria en este momento hist\u00f3rico, en el que el caf\u00e9 ha alcanzado m\u00e1ximos precios y los productores no ven reflejados esos beneficios en su econom\u00eda\u201d.<\/p>\n\n\n\n<p class=\"wp-block-paragraph\">Finalmente, el Senador Veracruzano explic\u00f3 que la ley \u201cproporciona herramientas a los productores, a las instancias gubernamentales e incluso a los propios empresarios, para dar seguimiento y regular los procesos de la cadena productiva del caf\u00e9, enfoc\u00e1ndose especialmente en controlar pr\u00e1cticas abusivas de las comercializadoras. Adem\u00e1s, ofrecer\u00e1 instrumentos para que la cafeticultura del futuro pueda resistir los efectos del cambio clim\u00e1tico, plagas y enfermedades, entre otros desaf\u00edos\u201d.<\/p>\n\n\n\n<p class=\"wp-block-paragraph\">La nueva Ley de Desarrollo Sustentable de la Cafeticultura, promovida por la Senadora Susana Harp Iturribarr\u00eda y el Senador Manuel Huerta, fue aprobada de manera un\u00e1nime con 86 votos emitidos por legisladores de todas las fracciones representadas: MORENA, Partido del Trabajo (PT), Verde Ecologista de M\u00e9xico (PVEM), Revolucionario Institucional (PRI), Acci\u00f3n Nacional (PAN) y Movimiento Ciudadano (MC).<\/p>\n","protected":false},"excerpt":{"rendered":"<p>Tras calificar como un avance hist\u00f3rico la aprobaci\u00f3n un\u00e1nime de la Ley de Desarrollo Sustentable de la Cafeticultura, el Senador Manuel Huerta, presidente de la Comisi\u00f3n de Agricultura, destac\u00f3 que este nuevo marco normativo tiene como objetivo \u201cnormar y fomentar la producci\u00f3n, distribuci\u00f3n, industrializaci\u00f3n y comercializaci\u00f3n del caf\u00e9, as\u00ed como establecer criterios para impulsar la [&hellip;]<\/p>\n","protected":false},"author":2,"featured_media":4738,"comment_status":"open","ping_status":"open","sticky":false,"template":"","format":"standard","meta":{"rop_custom_images_group":[],"rop_custom_messages_group":[],"rop_publish_now":"initial","rop_publish_now_accounts":{"facebook_2001103103558832_108675811699976":""},"rop_publish_now_history":[],"rop_publish_now_status":"pending","footnotes":""},"categories":[7],"tags":[],"class_list":["post-4737","post","type-post","status-publish","format-standard","has-post-thumbnail","hentry","category-nacional"],"_links":{"self":[{"href":"https:\/\/reporte272.com\/portal\/wp-json\/wp\/v2\/posts\/4737","targetHints":{"allow":["GET"]}}],"collection":[{"href":"https:\/\/reporte272.com\/portal\/wp-json\/wp\/v2\/posts"}],"about":[{"href":"https:\/\/reporte272.com\/portal\/wp-json\/wp\/v2\/types\/post"}],"author":[{"embeddable":true,"href":"https:\/\/reporte272.com\/portal\/wp-json\/wp\/v2\/users\/2"}],"replies":[{"embeddable":true,"href":"https:\/\/reporte272.com\/portal\/wp-json\/wp\/v2\/comments?post=4737"}],"version-history":[{"count":1,"href":"https:\/\/reporte272.com\/portal\/wp-json\/wp\/v2\/posts\/4737\/revisions"}],"predecessor-version":[{"id":4739,"href":"https:\/\/reporte272.com\/portal\/wp-json\/wp\/v2\/posts\/4737\/revisions\/4739"}],"wp:featuredmedia":[{"embeddable":true,"href":"https:\/\/reporte272.com\/portal\/wp-json\/wp\/v2\/media\/4738"}],"wp:attachment":[{"href":"https:\/\/reporte272.com\/portal\/wp-json\/wp\/v2\/media?parent=4737"}],"wp:term":[{"taxonomy":"category","embeddable":true,"href":"https:\/\/reporte272.com\/portal\/wp-json\/wp\/v2\/categories?post=4737"},{"taxonomy":"post_tag","embeddable":true,"href":"https:\/\/reporte272.com\/portal\/wp-json\/wp\/v2\/tags?post=4737"}],"curies":[{"name":"wp","href":"https:\/\/api.w.org\/{rel}","templated":true}]}}