{"id":4740,"date":"2025-04-11T06:01:05","date_gmt":"2025-04-11T06:01:05","guid":{"rendered":"https:\/\/reporte272.com\/portal\/?p=4740"},"modified":"2025-04-11T06:01:05","modified_gmt":"2025-04-11T06:01:05","slug":"prevenidos-se-espera-un-amanecer-muy-frio-este-viernes","status":"publish","type":"post","link":"https:\/\/reporte272.com\/portal\/prevenidos-se-espera-un-amanecer-muy-frio-este-viernes\/","title":{"rendered":"\u00a1Prevenidos!, se espera un amanecer muy fr\u00edo este viernes"},"content":{"rendered":"\n<p class=\"wp-block-paragraph\"><strong>Orizaba, Ver. (Reporte272\/ David Alavez Cabra). &#8211;<\/strong> Ma\u00f1ana VIERNES 11 de abril del 2025, existen condiciones para un #Amanecer con ambiente #MuyFr\u00edo a #Fr\u00edo en toda la entidad veracruzana.<\/p>\n\n\n\n<p class=\"wp-block-paragraph\">\u26a0\ufe0f\ud83e\udd76\ud83d\udce2En #RegionesMonta\u00f1osas se puede aproximar o superar los registros de temperaturas m\u00ednimas para un mes de abril, por lo que se exhorta a quienes habitan en municipios ubicados en las mismas a tener a la mano suficientes cobijas y cobertores para esta noche y madrugada. Asimismo, abriguen muy bien a ni\u00f1os y adultos mayores al salir muy temprano de casa.<\/p>\n\n\n\n<p class=\"wp-block-paragraph\">\ud83c\udf21\ufe0f\ud83e\udd76\ud83d\udce2Este es el pron\u00f3stico de temperaturas m\u00ednimas para las primeras horas de ma\u00f1ana viernes en el estado de Veracruz: zona norte 10-15 grados Celsius; monta\u00f1as 4-7 (menores en valle de Perote y partes m\u00e1s altas como Huayacocotla), costa central 16-18 y zona sur 12-18.<\/p>\n\n\n\n<p class=\"wp-block-paragraph\">11\/04\/2025<\/p>\n","protected":false},"excerpt":{"rendered":"<p>Orizaba, Ver. (Reporte272\/ David Alavez Cabra). &#8211; Ma\u00f1ana VIERNES 11 de abril del 2025, existen condiciones para un #Amanecer con ambiente #MuyFr\u00edo a #Fr\u00edo en toda la entidad veracruzana. \u26a0\ufe0f\ud83e\udd76\ud83d\udce2En #RegionesMonta\u00f1osas se puede aproximar o superar los registros de temperaturas m\u00ednimas para un mes de abril, por lo que se exhorta a quienes habitan en [&hellip;]<\/p>\n","protected":false},"author":2,"featured_media":4741,"comment_status":"open","ping_status":"open","sticky":false,"template":"","format":"standard","meta":{"rop_custom_images_group":[],"rop_custom_messages_group":[],"rop_publish_now":"initial","rop_publish_now_accounts":{"facebook_2001103103558832_108675811699976":""},"rop_publish_now_history":[],"rop_publish_now_status":"pending","footnotes":""},"categories":[6,5],"tags":[],"class_list":["post-4740","post","type-post","status-publish","format-standard","has-post-thumbnail","hentry","category-estatal","category-local"],"_links":{"self":[{"href":"https:\/\/reporte272.com\/portal\/wp-json\/wp\/v2\/posts\/4740","targetHints":{"allow":["GET"]}}],"collection":[{"href":"https:\/\/reporte272.com\/portal\/wp-json\/wp\/v2\/posts"}],"about":[{"href":"https:\/\/reporte272.com\/portal\/wp-json\/wp\/v2\/types\/post"}],"author":[{"embeddable":true,"href":"https:\/\/reporte272.com\/portal\/wp-json\/wp\/v2\/users\/2"}],"replies":[{"embeddable":true,"href":"https:\/\/reporte272.com\/portal\/wp-json\/wp\/v2\/comments?post=4740"}],"version-history":[{"count":1,"href":"https:\/\/reporte272.com\/portal\/wp-json\/wp\/v2\/posts\/4740\/revisions"}],"predecessor-version":[{"id":4742,"href":"https:\/\/reporte272.com\/portal\/wp-json\/wp\/v2\/posts\/4740\/revisions\/4742"}],"wp:featuredmedia":[{"embeddable":true,"href":"https:\/\/reporte272.com\/portal\/wp-json\/wp\/v2\/media\/4741"}],"wp:attachment":[{"href":"https:\/\/reporte272.com\/portal\/wp-json\/wp\/v2\/media?parent=4740"}],"wp:term":[{"taxonomy":"category","embeddable":true,"href":"https:\/\/reporte272.com\/portal\/wp-json\/wp\/v2\/categories?post=4740"},{"taxonomy":"post_tag","embeddable":true,"href":"https:\/\/reporte272.com\/portal\/wp-json\/wp\/v2\/tags?post=4740"}],"curies":[{"name":"wp","href":"https:\/\/api.w.org\/{rel}","templated":true}]}}