{"id":4751,"date":"2025-04-12T14:12:48","date_gmt":"2025-04-12T14:12:48","guid":{"rendered":"https:\/\/reporte272.com\/portal\/?p=4751"},"modified":"2025-04-12T14:12:49","modified_gmt":"2025-04-12T14:12:49","slug":"fallece-en-convento-de-santa-marta-en-cordoba","status":"publish","type":"post","link":"https:\/\/reporte272.com\/portal\/fallece-en-convento-de-santa-marta-en-cordoba\/","title":{"rendered":"Fallece en convento de Santa Marta, en C\u00f3rdoba"},"content":{"rendered":"\n<p class=\"wp-block-paragraph\"><strong>C\u00f3rdoba, Ver. (Reporte272).- <\/strong>Al interior de un convento ubicado en pleno centro del municipio de C\u00f3rdoba muri\u00f3 una persona luego de que presumiblemente cay\u00f3 del tercer piso generando una fuerte movilizaci\u00f3n de los cuerpos de rescate y de emergencia.<\/p>\n\n\n\n<p class=\"wp-block-paragraph\">Dado al fuerte hermetismo que mantienen las autoridades sobre el caso, se desconoce la edad de la persona fallecida en el inmueble que tambi\u00e9n es conocido como La Casa de las Monjas.<br>Seg\u00fan lo que se conoci\u00f3 sobre el reporte policial, autoridades del convento solicitaron la presencial de los cuerpos de emergencia en el edificio ubicado en la Calle 9 entre las Avenidas 1 y 3, del primer cuadro del municipio cordob\u00e9s para atender a la persona que habr\u00eda ca\u00eddo de forma accidental desde el tercer piso.<\/p>\n\n\n\n<p class=\"wp-block-paragraph\">Hasta el lugar de la tragedia lleg\u00f3 personal de la Polic\u00eda Municipal y Estatal incluyendo a param\u00e9dicos de Protecci\u00f3n Civil y Cruz Roja delegaci\u00f3n C\u00f3rdoba, mismos que no pudieron hacer por salvarle la vida a la persona pues ya no contaba con signos vitales.<\/p>\n\n\n\n<p class=\"wp-block-paragraph\">Una vez conocido lo anterior se procedi\u00f3 al resguardo y acordonamiento del recinto con cinta amarilla para dar seguimiento al protocolo de cadena de custodia. <\/p>\n\n\n\n<p class=\"wp-block-paragraph\">Minutos m\u00e1s tarde arribaron autoridades de la Fiscal\u00eda Regional Zona Centro-C\u00f3rdoba, Peritos Forenses de la Unidad de Servicios Periciales y detectives de la Polic\u00eda Ministerial Acreditable, quienes tomaron conocimiento, realizaron las diligencias correspondientes e iniciaron una carpeta de investigaci\u00f3n para finalmente efectuar el levantamiento del cuerpo.<\/p>\n\n\n\n<p class=\"wp-block-paragraph\">El cad\u00e1ver fue trasladado a las instalaciones del Servicio M\u00e9dico Forense de Ejido San Miguelito, de C\u00f3rdoba, para los tr\u00e1mites correspondientes de ley para su identificaci\u00f3n oficial.<\/p>\n","protected":false},"excerpt":{"rendered":"<p>C\u00f3rdoba, Ver. (Reporte272).- Al interior de un convento ubicado en pleno centro del municipio de C\u00f3rdoba muri\u00f3 una persona luego de que presumiblemente cay\u00f3 del tercer piso generando una fuerte movilizaci\u00f3n de los cuerpos de rescate y de emergencia. Dado al fuerte hermetismo que mantienen las autoridades sobre el caso, se desconoce la edad de [&hellip;]<\/p>\n","protected":false},"author":2,"featured_media":4752,"comment_status":"open","ping_status":"open","sticky":false,"template":"","format":"standard","meta":{"rop_custom_images_group":[],"rop_custom_messages_group":[],"rop_publish_now":"initial","rop_publish_now_accounts":{"facebook_2001103103558832_108675811699976":""},"rop_publish_now_history":[],"rop_publish_now_status":"pending","footnotes":""},"categories":[9],"tags":[],"class_list":["post-4751","post","type-post","status-publish","format-standard","has-post-thumbnail","hentry","category-policiaca"],"_links":{"self":[{"href":"https:\/\/reporte272.com\/portal\/wp-json\/wp\/v2\/posts\/4751","targetHints":{"allow":["GET"]}}],"collection":[{"href":"https:\/\/reporte272.com\/portal\/wp-json\/wp\/v2\/posts"}],"about":[{"href":"https:\/\/reporte272.com\/portal\/wp-json\/wp\/v2\/types\/post"}],"author":[{"embeddable":true,"href":"https:\/\/reporte272.com\/portal\/wp-json\/wp\/v2\/users\/2"}],"replies":[{"embeddable":true,"href":"https:\/\/reporte272.com\/portal\/wp-json\/wp\/v2\/comments?post=4751"}],"version-history":[{"count":1,"href":"https:\/\/reporte272.com\/portal\/wp-json\/wp\/v2\/posts\/4751\/revisions"}],"predecessor-version":[{"id":4753,"href":"https:\/\/reporte272.com\/portal\/wp-json\/wp\/v2\/posts\/4751\/revisions\/4753"}],"wp:featuredmedia":[{"embeddable":true,"href":"https:\/\/reporte272.com\/portal\/wp-json\/wp\/v2\/media\/4752"}],"wp:attachment":[{"href":"https:\/\/reporte272.com\/portal\/wp-json\/wp\/v2\/media?parent=4751"}],"wp:term":[{"taxonomy":"category","embeddable":true,"href":"https:\/\/reporte272.com\/portal\/wp-json\/wp\/v2\/categories?post=4751"},{"taxonomy":"post_tag","embeddable":true,"href":"https:\/\/reporte272.com\/portal\/wp-json\/wp\/v2\/tags?post=4751"}],"curies":[{"name":"wp","href":"https:\/\/api.w.org\/{rel}","templated":true}]}}