{"id":4754,"date":"2025-04-12T14:35:56","date_gmt":"2025-04-12T14:35:56","guid":{"rendered":"https:\/\/reporte272.com\/portal\/?p=4754"},"modified":"2025-04-12T14:35:57","modified_gmt":"2025-04-12T14:35:57","slug":"joven-cae-de-balcon-durante-una-fiesta","status":"publish","type":"post","link":"https:\/\/reporte272.com\/portal\/joven-cae-de-balcon-durante-una-fiesta\/","title":{"rendered":"Joven cae de balc\u00f3n durante una fiesta"},"content":{"rendered":"\n<p class=\"wp-block-paragraph\"><strong>Orizaba, Ver. (Reporte272).\u2014 <\/strong>Una joven mujer identificada como Laura N, de entre 25 a 30 a\u00f1os de edad, result\u00f3 lesionada al caer de un balc\u00f3n mientras se encontraba en una fiesta en una vivienda, ubicada sobre la Oriente 3 y Norte 18 A, a unos metros de la cl\u00ednica 1 del IMSS.<\/p>\n\n\n\n<p class=\"wp-block-paragraph\">De acuerdo con los informes preliminares, la joven se encontraba en el balc\u00f3n cuando, al parecer, perdi\u00f3 el equilibrio y cay\u00f3 al vac\u00edo, a una altura de aproximadamente 3 metros.<\/p>\n\n\n\n<p class=\"wp-block-paragraph\">Al sitio arribaron param\u00e9dicos de la Cruz Roja delegaci\u00f3n Orizaba quienes le brindaron atenci\u00f3n m\u00e9dica a la joven, que fue trasladada al Hospital de Especialidades del IMSS para su atenci\u00f3n m\u00e9dica.<\/p>\n","protected":false},"excerpt":{"rendered":"<p>Orizaba, Ver. (Reporte272).\u2014 Una joven mujer identificada como Laura N, de entre 25 a 30 a\u00f1os de edad, result\u00f3 lesionada al caer de un balc\u00f3n mientras se encontraba en una fiesta en una vivienda, ubicada sobre la Oriente 3 y Norte 18 A, a unos metros de la cl\u00ednica 1 del IMSS. De acuerdo con [&hellip;]<\/p>\n","protected":false},"author":2,"featured_media":4755,"comment_status":"open","ping_status":"open","sticky":false,"template":"","format":"standard","meta":{"rop_custom_images_group":[],"rop_custom_messages_group":[],"rop_publish_now":"initial","rop_publish_now_accounts":{"facebook_2001103103558832_108675811699976":""},"rop_publish_now_history":[],"rop_publish_now_status":"pending","footnotes":""},"categories":[9],"tags":[],"class_list":["post-4754","post","type-post","status-publish","format-standard","has-post-thumbnail","hentry","category-policiaca"],"_links":{"self":[{"href":"https:\/\/reporte272.com\/portal\/wp-json\/wp\/v2\/posts\/4754","targetHints":{"allow":["GET"]}}],"collection":[{"href":"https:\/\/reporte272.com\/portal\/wp-json\/wp\/v2\/posts"}],"about":[{"href":"https:\/\/reporte272.com\/portal\/wp-json\/wp\/v2\/types\/post"}],"author":[{"embeddable":true,"href":"https:\/\/reporte272.com\/portal\/wp-json\/wp\/v2\/users\/2"}],"replies":[{"embeddable":true,"href":"https:\/\/reporte272.com\/portal\/wp-json\/wp\/v2\/comments?post=4754"}],"version-history":[{"count":1,"href":"https:\/\/reporte272.com\/portal\/wp-json\/wp\/v2\/posts\/4754\/revisions"}],"predecessor-version":[{"id":4756,"href":"https:\/\/reporte272.com\/portal\/wp-json\/wp\/v2\/posts\/4754\/revisions\/4756"}],"wp:featuredmedia":[{"embeddable":true,"href":"https:\/\/reporte272.com\/portal\/wp-json\/wp\/v2\/media\/4755"}],"wp:attachment":[{"href":"https:\/\/reporte272.com\/portal\/wp-json\/wp\/v2\/media?parent=4754"}],"wp:term":[{"taxonomy":"category","embeddable":true,"href":"https:\/\/reporte272.com\/portal\/wp-json\/wp\/v2\/categories?post=4754"},{"taxonomy":"post_tag","embeddable":true,"href":"https:\/\/reporte272.com\/portal\/wp-json\/wp\/v2\/tags?post=4754"}],"curies":[{"name":"wp","href":"https:\/\/api.w.org\/{rel}","templated":true}]}}