{"id":4761,"date":"2025-04-13T21:23:39","date_gmt":"2025-04-13T21:23:39","guid":{"rendered":"https:\/\/reporte272.com\/portal\/?p=4761"},"modified":"2025-04-13T21:23:40","modified_gmt":"2025-04-13T21:23:40","slug":"muere-fundadora-de-las-patronas-en-amatlan","status":"publish","type":"post","link":"https:\/\/reporte272.com\/portal\/muere-fundadora-de-las-patronas-en-amatlan\/","title":{"rendered":"Muere fundadora de Las Patronas, en Amatl\u00e1n"},"content":{"rendered":"\n<p class=\"wp-block-paragraph\"><strong>Amatl\u00e1n de Los Reyes, Ver. (Reporte272 \/ Ixio Loaiza).- <\/strong>A la edad de 89 a\u00f1os falleci\u00f3 la fundadora del grupo humanitario <strong>Las Patronas,<\/strong> Leonila V\u00e1squez Alvizar, su fallecimiento fue confirmado por sus familiares con quienes viv\u00eda en la comunidad, Guadalupe La Patrona, en el municipio de Amatl\u00e1n de los Reyes.<\/p>\n\n\n\n<p class=\"wp-block-paragraph\">El pasado 14 de febrero pasado en el marco del 30 aniversario de la fundaci\u00f3n de la organizaci\u00f3n fue reconocida con la entrega de la medalla Arcadio Hidalgo de la conformaci\u00f3n del mismo nombre por la labor que realiz\u00f3 con los migrantes que pasan cada d\u00eda por la zona centro de Veracruz.<br><\/p>\n\n\n\n<p class=\"wp-block-paragraph\">Recordemos que &#8220;Nila&#8221; como le dec\u00edan de cari\u00f1o, junto con sus hijas y otras mujeres altruistas, iniciaron brindando alimento a los migrantes primero desde su casa, donde preparaban la comida, dado que el tren hasta la fecha no se detiene, y les avientan en bolsas los alimentos.<\/p>\n\n\n\n<p class=\"wp-block-paragraph\">Leonila, era reconocida por su car\u00e1cter fuerte, formadora de mujeres fuertes como Norma y sus hermanas, que son las que mantienen al grupo unido y trabajando en favor de los migrantes y con ellas se sumaron personas, organizaciones, escuelas, empresas, quienes les donan alimento, agua, ropa y los han ayudado a ir mejorando el comedor que ahora es albergue temporal.<\/p>\n\n\n\n<p class=\"wp-block-paragraph\">Lamentablemente, su salud se empez\u00f3 a minarse y cay\u00f3 en cama varias veces, seg\u00fan informaron sus familiares; pese a su lucha por seguir ayudando, ya no era f\u00e1cil y se desplazaba en una silla de ruedas como se vio en la celebraci\u00f3n de los 30 a\u00f1os de fundaci\u00f3n de la organizaci\u00f3n.<\/p>\n\n\n\n<p class=\"wp-block-paragraph\">Anteriormente se fund\u00f3 el comedor &#8220;Esperanza del Migrante&#8221; y ah\u00ed fueron conocidas como Las Patronas, porque son originarias de la localidad La Patrona.<br><\/p>\n\n\n\n<p class=\"wp-block-paragraph\">Es importante hacer menci\u00f3n que su legado quedar\u00e1 para la posteridad ya que seguir\u00e1n en la lucha por ayudar a los migrantes que pasan por Amatl\u00e1n de los Reyes, y que van hacia los Estados Unidos en busca del llamado sue\u00f1o americano.<\/p>\n","protected":false},"excerpt":{"rendered":"<p>Amatl\u00e1n de Los Reyes, Ver. (Reporte272 \/ Ixio Loaiza).- A la edad de 89 a\u00f1os falleci\u00f3 la fundadora del grupo humanitario Las Patronas, Leonila V\u00e1squez Alvizar, su fallecimiento fue confirmado por sus familiares con quienes viv\u00eda en la comunidad, Guadalupe La Patrona, en el municipio de Amatl\u00e1n de los Reyes. El pasado 14 de febrero [&hellip;]<\/p>\n","protected":false},"author":2,"featured_media":4762,"comment_status":"open","ping_status":"open","sticky":false,"template":"","format":"standard","meta":{"rop_custom_images_group":[],"rop_custom_messages_group":[],"rop_publish_now":"initial","rop_publish_now_accounts":{"facebook_2001103103558832_108675811699976":""},"rop_publish_now_history":[],"rop_publish_now_status":"pending","footnotes":""},"categories":[6,5,7,10],"tags":[],"class_list":["post-4761","post","type-post","status-publish","format-standard","has-post-thumbnail","hentry","category-estatal","category-local","category-nacional","category-portada"],"_links":{"self":[{"href":"https:\/\/reporte272.com\/portal\/wp-json\/wp\/v2\/posts\/4761","targetHints":{"allow":["GET"]}}],"collection":[{"href":"https:\/\/reporte272.com\/portal\/wp-json\/wp\/v2\/posts"}],"about":[{"href":"https:\/\/reporte272.com\/portal\/wp-json\/wp\/v2\/types\/post"}],"author":[{"embeddable":true,"href":"https:\/\/reporte272.com\/portal\/wp-json\/wp\/v2\/users\/2"}],"replies":[{"embeddable":true,"href":"https:\/\/reporte272.com\/portal\/wp-json\/wp\/v2\/comments?post=4761"}],"version-history":[{"count":1,"href":"https:\/\/reporte272.com\/portal\/wp-json\/wp\/v2\/posts\/4761\/revisions"}],"predecessor-version":[{"id":4763,"href":"https:\/\/reporte272.com\/portal\/wp-json\/wp\/v2\/posts\/4761\/revisions\/4763"}],"wp:featuredmedia":[{"embeddable":true,"href":"https:\/\/reporte272.com\/portal\/wp-json\/wp\/v2\/media\/4762"}],"wp:attachment":[{"href":"https:\/\/reporte272.com\/portal\/wp-json\/wp\/v2\/media?parent=4761"}],"wp:term":[{"taxonomy":"category","embeddable":true,"href":"https:\/\/reporte272.com\/portal\/wp-json\/wp\/v2\/categories?post=4761"},{"taxonomy":"post_tag","embeddable":true,"href":"https:\/\/reporte272.com\/portal\/wp-json\/wp\/v2\/tags?post=4761"}],"curies":[{"name":"wp","href":"https:\/\/api.w.org\/{rel}","templated":true}]}}