{"id":4767,"date":"2025-04-13T22:11:21","date_gmt":"2025-04-13T22:11:21","guid":{"rendered":"https:\/\/reporte272.com\/portal\/?p=4767"},"modified":"2025-04-13T22:11:23","modified_gmt":"2025-04-13T22:11:23","slug":"fallece-medico-al-interior-de-hotel-en-cordoba","status":"publish","type":"post","link":"https:\/\/reporte272.com\/portal\/fallece-medico-al-interior-de-hotel-en-cordoba\/","title":{"rendered":"Fallece m\u00e9dico al interior de Hotel, en C\u00f3rdoba"},"content":{"rendered":"\n<p class=\"wp-block-paragraph\"><strong>C\u00f3rdoba, Ver. (Reporte272).-<\/strong> La madrugada de este domingo se reporte el fallecimiento de un hombre identificado como Francisco N de profesi\u00f3n m\u00e9dico que se encontraba hospedado en el hotel virreynal de la ciudad de los 30 Caballeros. <\/p>\n\n\n\n<p class=\"wp-block-paragraph\">Se conoci\u00f3 que el hombre arrib\u00f3 con su esposa tras un largo viaje de seis horas y decidieron hospedarse para recargar pilas y seguir su camino. Sin embargo, durante la noche comenz\u00f3 a sentirse mal y se desvaneci\u00f3 dentro de su habitaci\u00f3n.<\/p>\n\n\n\n<p class=\"wp-block-paragraph\">Param\u00e9dicos de la Cruz Roja acudieron al lugar para brindarle atenci\u00f3n m\u00e9dica, pero lamentablemente confirmaron que ya no presentaba signos vitales. Elementos de la Polic\u00eda Ministerial Acreditable tomaron conocimiento de los hechos y realizaron las diligencias correspondientes.<\/p>\n","protected":false},"excerpt":{"rendered":"<p>C\u00f3rdoba, Ver. (Reporte272).- La madrugada de este domingo se reporte el fallecimiento de un hombre identificado como Francisco N de profesi\u00f3n m\u00e9dico que se encontraba hospedado en el hotel virreynal de la ciudad de los 30 Caballeros. Se conoci\u00f3 que el hombre arrib\u00f3 con su esposa tras un largo viaje de seis horas y decidieron [&hellip;]<\/p>\n","protected":false},"author":2,"featured_media":4768,"comment_status":"open","ping_status":"open","sticky":false,"template":"","format":"standard","meta":{"rop_custom_images_group":[],"rop_custom_messages_group":[],"rop_publish_now":"initial","rop_publish_now_accounts":{"facebook_2001103103558832_108675811699976":""},"rop_publish_now_history":[],"rop_publish_now_status":"pending","footnotes":""},"categories":[9],"tags":[],"class_list":["post-4767","post","type-post","status-publish","format-standard","has-post-thumbnail","hentry","category-policiaca"],"_links":{"self":[{"href":"https:\/\/reporte272.com\/portal\/wp-json\/wp\/v2\/posts\/4767","targetHints":{"allow":["GET"]}}],"collection":[{"href":"https:\/\/reporte272.com\/portal\/wp-json\/wp\/v2\/posts"}],"about":[{"href":"https:\/\/reporte272.com\/portal\/wp-json\/wp\/v2\/types\/post"}],"author":[{"embeddable":true,"href":"https:\/\/reporte272.com\/portal\/wp-json\/wp\/v2\/users\/2"}],"replies":[{"embeddable":true,"href":"https:\/\/reporte272.com\/portal\/wp-json\/wp\/v2\/comments?post=4767"}],"version-history":[{"count":1,"href":"https:\/\/reporte272.com\/portal\/wp-json\/wp\/v2\/posts\/4767\/revisions"}],"predecessor-version":[{"id":4769,"href":"https:\/\/reporte272.com\/portal\/wp-json\/wp\/v2\/posts\/4767\/revisions\/4769"}],"wp:featuredmedia":[{"embeddable":true,"href":"https:\/\/reporte272.com\/portal\/wp-json\/wp\/v2\/media\/4768"}],"wp:attachment":[{"href":"https:\/\/reporte272.com\/portal\/wp-json\/wp\/v2\/media?parent=4767"}],"wp:term":[{"taxonomy":"category","embeddable":true,"href":"https:\/\/reporte272.com\/portal\/wp-json\/wp\/v2\/categories?post=4767"},{"taxonomy":"post_tag","embeddable":true,"href":"https:\/\/reporte272.com\/portal\/wp-json\/wp\/v2\/tags?post=4767"}],"curies":[{"name":"wp","href":"https:\/\/api.w.org\/{rel}","templated":true}]}}