{"id":4805,"date":"2025-04-14T16:22:42","date_gmt":"2025-04-14T16:22:42","guid":{"rendered":"https:\/\/reporte272.com\/portal\/?p=4805"},"modified":"2025-04-14T16:22:43","modified_gmt":"2025-04-14T16:22:43","slug":"controlan-incendio-forestal-en-nogales","status":"publish","type":"post","link":"https:\/\/reporte272.com\/portal\/controlan-incendio-forestal-en-nogales\/","title":{"rendered":"Controlan incendio forestal en Nogales"},"content":{"rendered":"\n<p class=\"wp-block-paragraph\"><strong>Nogales, Veracruz . &#8211; <\/strong>Un incendio forestal en el ejido &#8220;H\u00e9roes de la Independencia&#8221;, alert\u00f3 la tarde de este domingo a las corporaciones de auxilio.<\/p>\n\n\n\n<p class=\"wp-block-paragraph\">De forma inmediata, se activ\u00f3 el mando unificado por instrucciones del alcalde Ernesto Torres Navarro, por lo que debidamente organizados se presentaron al lugar de los hechos.<\/p>\n\n\n\n<p class=\"wp-block-paragraph\">Luis Alfredo Bautista Oropeza, director de la Unidad Municipal de Protecci\u00f3n Civil (UMPC), indic\u00f3 que el \u00e1rea siniestrada fue de una hect\u00e1rea aproximadamente.<\/p>\n\n\n\n<p class=\"wp-block-paragraph\">Estim\u00f3 que a las tareas de combate al siniestro, acudieron un promedio de 70 personas, entre ellos:<br>Bomberos Metropolitanos, Brigada Forestal, Enlace Regional de PC, Comisi\u00f3n Nacional de \u00c1reas Naturales Protegidas, Tesorer\u00eda al mando de su titular, Jos\u00e9 Marcelo Aguilar L\u00f3pez, Voluntarios de Palo Verde y del propio Ejido &#8220;H\u00e9roes de la Independencia&#8221;.<\/p>\n\n\n\n<p class=\"wp-block-paragraph\">Bautista Oropeza, insisti\u00f3 en hacer conciencia en el cuidado de nuestra fauna y entorno ambiental, lo cual es vital para el desarrollo del ser humano.<\/p>\n","protected":false},"excerpt":{"rendered":"<p>Nogales, Veracruz . &#8211; Un incendio forestal en el ejido &#8220;H\u00e9roes de la Independencia&#8221;, alert\u00f3 la tarde de este domingo a las corporaciones de auxilio. De forma inmediata, se activ\u00f3 el mando unificado por instrucciones del alcalde Ernesto Torres Navarro, por lo que debidamente organizados se presentaron al lugar de los hechos. Luis Alfredo Bautista [&hellip;]<\/p>\n","protected":false},"author":2,"featured_media":4806,"comment_status":"open","ping_status":"open","sticky":false,"template":"","format":"standard","meta":{"rop_custom_images_group":[],"rop_custom_messages_group":[],"rop_publish_now":"initial","rop_publish_now_accounts":{"facebook_2001103103558832_108675811699976":""},"rop_publish_now_history":[],"rop_publish_now_status":"pending","footnotes":""},"categories":[5],"tags":[],"class_list":["post-4805","post","type-post","status-publish","format-standard","has-post-thumbnail","hentry","category-local"],"_links":{"self":[{"href":"https:\/\/reporte272.com\/portal\/wp-json\/wp\/v2\/posts\/4805","targetHints":{"allow":["GET"]}}],"collection":[{"href":"https:\/\/reporte272.com\/portal\/wp-json\/wp\/v2\/posts"}],"about":[{"href":"https:\/\/reporte272.com\/portal\/wp-json\/wp\/v2\/types\/post"}],"author":[{"embeddable":true,"href":"https:\/\/reporte272.com\/portal\/wp-json\/wp\/v2\/users\/2"}],"replies":[{"embeddable":true,"href":"https:\/\/reporte272.com\/portal\/wp-json\/wp\/v2\/comments?post=4805"}],"version-history":[{"count":1,"href":"https:\/\/reporte272.com\/portal\/wp-json\/wp\/v2\/posts\/4805\/revisions"}],"predecessor-version":[{"id":4807,"href":"https:\/\/reporte272.com\/portal\/wp-json\/wp\/v2\/posts\/4805\/revisions\/4807"}],"wp:featuredmedia":[{"embeddable":true,"href":"https:\/\/reporte272.com\/portal\/wp-json\/wp\/v2\/media\/4806"}],"wp:attachment":[{"href":"https:\/\/reporte272.com\/portal\/wp-json\/wp\/v2\/media?parent=4805"}],"wp:term":[{"taxonomy":"category","embeddable":true,"href":"https:\/\/reporte272.com\/portal\/wp-json\/wp\/v2\/categories?post=4805"},{"taxonomy":"post_tag","embeddable":true,"href":"https:\/\/reporte272.com\/portal\/wp-json\/wp\/v2\/tags?post=4805"}],"curies":[{"name":"wp","href":"https:\/\/api.w.org\/{rel}","templated":true}]}}