{"id":4823,"date":"2025-04-15T06:00:23","date_gmt":"2025-04-15T06:00:23","guid":{"rendered":"https:\/\/reporte272.com\/portal\/?p=4823"},"modified":"2025-04-15T06:00:24","modified_gmt":"2025-04-15T06:00:24","slug":"asaltan-a-menor-en-la-plaza-bicentenario-en-orizaba","status":"publish","type":"post","link":"https:\/\/reporte272.com\/portal\/asaltan-a-menor-en-la-plaza-bicentenario-en-orizaba\/","title":{"rendered":"Asaltan a menor en la Plaza Bicentenario, en Orizaba"},"content":{"rendered":"\n<p class=\"wp-block-paragraph\"><strong>Orizaba, Ver. (Reporte272 \/ Ixio Loaiza).<\/strong>&#8211; Dos presuntos delincuentes con armas punzocortantes asaltaron a una jovencita de 15 a\u00f1os que se encontraba en la zona de esparcimiento de la Plaza Bicentenario ubicada en la Colonia Centro del municipio de Orizaba.<\/p>\n\n\n\n<p class=\"wp-block-paragraph\">La menor recibi\u00f3 las primeras atenciones por los param\u00e9dicos de la Cruz Roja debido a que registr\u00f3 crisis nerviosa,.ante el temor de ser lastimada.<\/p>\n\n\n\n<p class=\"wp-block-paragraph\">Se conoce que, la menor de identidad resguardada, de 15 a\u00f1os, complexi\u00f3n delgada y tez morena clara, qu\u00e9 vest\u00eda pantal\u00f3n de mezclilla y playera blanca, ademas de tenis, se encontraba divirti\u00e9ndose en la plazoleta de la Plaza Bicentenario, ubicada en la Avenida Poniente 7 del Centro Hist\u00f3rico, cuando fue sorprendida presuntamente por dos hombres con navajas, quienes le exigieron todas sus pertenencias de valor.<\/p>\n\n\n\n<p class=\"wp-block-paragraph\">Ante el temor de ser lastimada, la jovencita les entreg\u00f3 sus cosas entre ellas su equipo de telefon\u00eda celular. Una vez obtenido el bot\u00edn los presuntos ladrones se dieron a la fuga sobre la ribera del r\u00edo Orizaba.<\/p>\n\n\n\n<p class=\"wp-block-paragraph\">Minutos despu\u00e9s del robo, al sitio acudieron elementos de la Polic\u00eda Municipal, as\u00ed como T\u00e9cnicos en Urgencias M\u00e9dicas de la CR Delegaci\u00f3n Orizaba, los cuales le brindaron las primeras atenciones a la menor debido a que present\u00f3 crisis nerviosa.<\/p>\n\n\n\n<p class=\"wp-block-paragraph\">La jovencita qued\u00f3 bajo resguardo de los efectivos de la Polic\u00eda Local en espera de la llegada de sus padres, para su entrega ya que es menor de edad.<\/p>\n","protected":false},"excerpt":{"rendered":"<p>Orizaba, Ver. (Reporte272 \/ Ixio Loaiza).&#8211; Dos presuntos delincuentes con armas punzocortantes asaltaron a una jovencita de 15 a\u00f1os que se encontraba en la zona de esparcimiento de la Plaza Bicentenario ubicada en la Colonia Centro del municipio de Orizaba. La menor recibi\u00f3 las primeras atenciones por los param\u00e9dicos de la Cruz Roja debido a [&hellip;]<\/p>\n","protected":false},"author":2,"featured_media":4824,"comment_status":"open","ping_status":"open","sticky":false,"template":"","format":"standard","meta":{"rop_custom_images_group":[],"rop_custom_messages_group":[],"rop_publish_now":"initial","rop_publish_now_accounts":{"facebook_2001103103558832_108675811699976":""},"rop_publish_now_history":[],"rop_publish_now_status":"pending","footnotes":""},"categories":[9],"tags":[],"class_list":["post-4823","post","type-post","status-publish","format-standard","has-post-thumbnail","hentry","category-policiaca"],"_links":{"self":[{"href":"https:\/\/reporte272.com\/portal\/wp-json\/wp\/v2\/posts\/4823","targetHints":{"allow":["GET"]}}],"collection":[{"href":"https:\/\/reporte272.com\/portal\/wp-json\/wp\/v2\/posts"}],"about":[{"href":"https:\/\/reporte272.com\/portal\/wp-json\/wp\/v2\/types\/post"}],"author":[{"embeddable":true,"href":"https:\/\/reporte272.com\/portal\/wp-json\/wp\/v2\/users\/2"}],"replies":[{"embeddable":true,"href":"https:\/\/reporte272.com\/portal\/wp-json\/wp\/v2\/comments?post=4823"}],"version-history":[{"count":1,"href":"https:\/\/reporte272.com\/portal\/wp-json\/wp\/v2\/posts\/4823\/revisions"}],"predecessor-version":[{"id":4825,"href":"https:\/\/reporte272.com\/portal\/wp-json\/wp\/v2\/posts\/4823\/revisions\/4825"}],"wp:featuredmedia":[{"embeddable":true,"href":"https:\/\/reporte272.com\/portal\/wp-json\/wp\/v2\/media\/4824"}],"wp:attachment":[{"href":"https:\/\/reporte272.com\/portal\/wp-json\/wp\/v2\/media?parent=4823"}],"wp:term":[{"taxonomy":"category","embeddable":true,"href":"https:\/\/reporte272.com\/portal\/wp-json\/wp\/v2\/categories?post=4823"},{"taxonomy":"post_tag","embeddable":true,"href":"https:\/\/reporte272.com\/portal\/wp-json\/wp\/v2\/tags?post=4823"}],"curies":[{"name":"wp","href":"https:\/\/api.w.org\/{rel}","templated":true}]}}