{"id":4829,"date":"2025-04-15T06:16:14","date_gmt":"2025-04-15T06:16:14","guid":{"rendered":"https:\/\/reporte272.com\/portal\/?p=4829"},"modified":"2025-04-15T06:16:15","modified_gmt":"2025-04-15T06:16:15","slug":"bimbo-se-suma-a-la-iniciativa-hecho-en-mexico","status":"publish","type":"post","link":"https:\/\/reporte272.com\/portal\/bimbo-se-suma-a-la-iniciativa-hecho-en-mexico\/","title":{"rendered":"Bimbo se suma a la iniciativa &#8220;Hecho en M\u00e9xico&#8221;"},"content":{"rendered":"\n<p class=\"wp-block-paragraph\">Grupo Bimbo, la empresa de panificaci\u00f3n l\u00edder en el mundo, a trav\u00e9s de su marca Bimbo, confirm\u00f3 su participaci\u00f3n en el programa \u201cHecho en M\u00e9xico\u201d, impulsado por la Secretar\u00eda de Econom\u00eda. La panificadora anunci\u00f3 que dos de sus productos m\u00e1s ic\u00f3nicos \u2014el pan blanco Bimbo de 620 g y el pan integral Bimbo de 620 g\u2014 llevar\u00e1n el distintivo caracter\u00edstico de esta iniciativa en la parte frontal de su empaque.<\/p>\n\n\n\n<p class=\"wp-block-paragraph\">El anuncio, realizado en la panader\u00eda de Bimbo Azcapotzalco, fue encabezado por Marcelo Ebrard, Secretario de Econom\u00eda; Vidal Llerenas, Subsecretario de Industria y Comercio; Nancy N\u00fa\u00f1ez, alcaldesa de Azcapotzalco, y Manola Zabalza, Secretaria de Desarrollo Econ\u00f3mico de la Ciudad de M\u00e9xico. Tambi\u00e9n estuvieron presentes Daniel Servitje, Presidente Ejecutivo de Grupo Bimbo; Jos\u00e9 Manuel Gonz\u00e1lez, Director General de Bimbo M\u00e9xico, y Liliana Mej\u00eda, Vicepresidenta Global de Asuntos Corporativos.<\/p>\n\n\n\n<p class=\"wp-block-paragraph\">El titular de Econom\u00eda, Marcelo Ebrard coment\u00f3: \u201cMe da mucho gusto estar en Bimbo porque es un mensaje importante para el pa\u00eds. Hecho en M\u00e9xico quiere decir que estamos seguros de lo que estamos haciendo, estamos resueltos y organizados, y vamos a tener \u00e9xito, como Bimbo lo ha tenido en los 35 pa\u00edses donde hoy se encuentra&#8221;.<\/p>\n\n\n\n<p class=\"wp-block-paragraph\">Por su parte, Daniel Servitje, Presidente Ejecutivo de Grupo Bimbo, destac\u00f3 el compromiso permanente de la empresa con M\u00e9xico, se\u00f1alando como ejemplos concretos su impacto positivo en la actividad econ\u00f3mica; sus programas de apoyo a las comunidades donde opera; la promoci\u00f3n del deporte, la actividad f\u00edsica y la alimentaci\u00f3n balanceada; as\u00ed como su estrategia de sustentabilidad, que apuesta por energ\u00edas renovables, agricultura regenerativa y econom\u00eda circular.<\/p>\n\n\n\n<p class=\"wp-block-paragraph\">Daniel expres\u00f3: &#8220;En Bimbo tenemos una misi\u00f3n muy clara: la de servir y servir bien, con productos de extraordinaria calidad. Nuestra filosof\u00eda habla de ser una empresa sustentable, altamente productiva y plenamente humana, lo cual va muy en concordancia con la esperanza de nuestro gobierno de crear bienestar compartido. Bimbo trabaja en M\u00e9xico, por M\u00e9xico y para los mexicanos, siempre buscando aportar desarrollo y crecimiento a nuestro pa\u00eds\u201d.<\/p>\n\n\n\n<p class=\"wp-block-paragraph\">La iniciativa &#8220;Hecho en M\u00e9xico&#8221; busca promover los productos elaborados en el pa\u00eds mediante un distintivo que visibilice el esfuerzo, talento y competitividad de los fabricantes nacionales. Con ello, se pretende incentivar el crecimiento econ\u00f3mico local y fomentar que los consumidores adquieran productos orgullosamente mexicanos.<\/p>\n\n\n\n<p class=\"wp-block-paragraph\">Bimbo en M\u00e9xico emplea a m\u00e1s de 78 mil colaboradores en 36 panader\u00edas y plantas distribuidas en 17 estados de la Rep\u00fablica. La panificadora est\u00e1 comprometida con la sustentabilidad: opera con 100% de energ\u00eda el\u00e9ctrica renovable, cuenta con la flota de autos el\u00e9ctricos de reparto m\u00e1s grande de M\u00e9xico \u2014con 3 mil unidades \u2014, y 97% de sus empaques son reciclables. Adem\u00e1s, ha impulsado el cultivo de m\u00e1s de 170 mil hect\u00e1reas con agricultura regenerativa y forma parte del Acuerdo por el Derecho Humano al Agua.<\/p>\n","protected":false},"excerpt":{"rendered":"<p>Grupo Bimbo, la empresa de panificaci\u00f3n l\u00edder en el mundo, a trav\u00e9s de su marca Bimbo, confirm\u00f3 su participaci\u00f3n en el programa \u201cHecho en M\u00e9xico\u201d, impulsado por la Secretar\u00eda de Econom\u00eda. La panificadora anunci\u00f3 que dos de sus productos m\u00e1s ic\u00f3nicos \u2014el pan blanco Bimbo de 620 g y el pan integral Bimbo de 620 [&hellip;]<\/p>\n","protected":false},"author":2,"featured_media":4830,"comment_status":"open","ping_status":"open","sticky":false,"template":"","format":"standard","meta":{"rop_custom_images_group":[],"rop_custom_messages_group":[],"rop_publish_now":"initial","rop_publish_now_accounts":{"facebook_2001103103558832_108675811699976":""},"rop_publish_now_history":[],"rop_publish_now_status":"pending","footnotes":""},"categories":[7],"tags":[],"class_list":["post-4829","post","type-post","status-publish","format-standard","has-post-thumbnail","hentry","category-nacional"],"_links":{"self":[{"href":"https:\/\/reporte272.com\/portal\/wp-json\/wp\/v2\/posts\/4829","targetHints":{"allow":["GET"]}}],"collection":[{"href":"https:\/\/reporte272.com\/portal\/wp-json\/wp\/v2\/posts"}],"about":[{"href":"https:\/\/reporte272.com\/portal\/wp-json\/wp\/v2\/types\/post"}],"author":[{"embeddable":true,"href":"https:\/\/reporte272.com\/portal\/wp-json\/wp\/v2\/users\/2"}],"replies":[{"embeddable":true,"href":"https:\/\/reporte272.com\/portal\/wp-json\/wp\/v2\/comments?post=4829"}],"version-history":[{"count":1,"href":"https:\/\/reporte272.com\/portal\/wp-json\/wp\/v2\/posts\/4829\/revisions"}],"predecessor-version":[{"id":4831,"href":"https:\/\/reporte272.com\/portal\/wp-json\/wp\/v2\/posts\/4829\/revisions\/4831"}],"wp:featuredmedia":[{"embeddable":true,"href":"https:\/\/reporte272.com\/portal\/wp-json\/wp\/v2\/media\/4830"}],"wp:attachment":[{"href":"https:\/\/reporte272.com\/portal\/wp-json\/wp\/v2\/media?parent=4829"}],"wp:term":[{"taxonomy":"category","embeddable":true,"href":"https:\/\/reporte272.com\/portal\/wp-json\/wp\/v2\/categories?post=4829"},{"taxonomy":"post_tag","embeddable":true,"href":"https:\/\/reporte272.com\/portal\/wp-json\/wp\/v2\/tags?post=4829"}],"curies":[{"name":"wp","href":"https:\/\/api.w.org\/{rel}","templated":true}]}}