{"id":4838,"date":"2025-04-16T01:26:36","date_gmt":"2025-04-16T01:26:36","guid":{"rendered":"https:\/\/reporte272.com\/portal\/?p=4838"},"modified":"2025-04-16T01:26:37","modified_gmt":"2025-04-16T01:26:37","slug":"fatal-accidente-en-la-carretera-180-poza-rica-tihuatlan","status":"publish","type":"post","link":"https:\/\/reporte272.com\/portal\/fatal-accidente-en-la-carretera-180-poza-rica-tihuatlan\/","title":{"rendered":"Fatal accidente en la carretera 180 Poza Rica &#8211; Tihuatl\u00e1n"},"content":{"rendered":"\n<p class=\"wp-block-paragraph\"><strong>Tihuatl\u00e1n, Ver.- <\/strong>Un fatal accidente ocurri\u00f3 la ma\u00f1ana del 15 de abril en la carretera federal 180, en el tramo que conecta Poza Rica con Tihuatl\u00e1n a la altura de la comunidad de La Isla donde perdieron la vida dos personas y otras tres m\u00e1s resultaron lesionadas.<\/p>\n\n\n\n<p class=\"wp-block-paragraph\">El accidente se produjo cuando un veh\u00edculo Volkswagen Pointer gris intent\u00f3 rebasar y colision\u00f3 frontalmente con un Nissan Versa rojo.<\/p>\n\n\n\n<p class=\"wp-block-paragraph\">Al sitio llegaron cuerpos de emergencia como Protecci\u00f3n Civil Municipal, Cruz Roja y Guardia Nacional divisi\u00f3n Carreteras para prestar auxilio a los heridos y asegurar el \u00e1rea.<\/p>\n\n\n\n<p class=\"wp-block-paragraph\">La carretera permanece cerrada en ambos sentidos mientras se realizan las diligencias correspondientes por parte de Servicios Periciales.<\/p>\n","protected":false},"excerpt":{"rendered":"<p>Tihuatl\u00e1n, Ver.- Un fatal accidente ocurri\u00f3 la ma\u00f1ana del 15 de abril en la carretera federal 180, en el tramo que conecta Poza Rica con Tihuatl\u00e1n a la altura de la comunidad de La Isla donde perdieron la vida dos personas y otras tres m\u00e1s resultaron lesionadas. El accidente se produjo cuando un veh\u00edculo Volkswagen [&hellip;]<\/p>\n","protected":false},"author":2,"featured_media":4839,"comment_status":"open","ping_status":"open","sticky":false,"template":"","format":"standard","meta":{"rop_custom_images_group":[],"rop_custom_messages_group":[],"rop_publish_now":"initial","rop_publish_now_accounts":{"facebook_2001103103558832_108675811699976":""},"rop_publish_now_history":[],"rop_publish_now_status":"pending","footnotes":""},"categories":[9],"tags":[],"class_list":["post-4838","post","type-post","status-publish","format-standard","has-post-thumbnail","hentry","category-policiaca"],"_links":{"self":[{"href":"https:\/\/reporte272.com\/portal\/wp-json\/wp\/v2\/posts\/4838","targetHints":{"allow":["GET"]}}],"collection":[{"href":"https:\/\/reporte272.com\/portal\/wp-json\/wp\/v2\/posts"}],"about":[{"href":"https:\/\/reporte272.com\/portal\/wp-json\/wp\/v2\/types\/post"}],"author":[{"embeddable":true,"href":"https:\/\/reporte272.com\/portal\/wp-json\/wp\/v2\/users\/2"}],"replies":[{"embeddable":true,"href":"https:\/\/reporte272.com\/portal\/wp-json\/wp\/v2\/comments?post=4838"}],"version-history":[{"count":1,"href":"https:\/\/reporte272.com\/portal\/wp-json\/wp\/v2\/posts\/4838\/revisions"}],"predecessor-version":[{"id":4840,"href":"https:\/\/reporte272.com\/portal\/wp-json\/wp\/v2\/posts\/4838\/revisions\/4840"}],"wp:featuredmedia":[{"embeddable":true,"href":"https:\/\/reporte272.com\/portal\/wp-json\/wp\/v2\/media\/4839"}],"wp:attachment":[{"href":"https:\/\/reporte272.com\/portal\/wp-json\/wp\/v2\/media?parent=4838"}],"wp:term":[{"taxonomy":"category","embeddable":true,"href":"https:\/\/reporte272.com\/portal\/wp-json\/wp\/v2\/categories?post=4838"},{"taxonomy":"post_tag","embeddable":true,"href":"https:\/\/reporte272.com\/portal\/wp-json\/wp\/v2\/tags?post=4838"}],"curies":[{"name":"wp","href":"https:\/\/api.w.org\/{rel}","templated":true}]}}