{"id":4844,"date":"2025-04-16T01:37:44","date_gmt":"2025-04-16T01:37:44","guid":{"rendered":"https:\/\/reporte272.com\/portal\/?p=4844"},"modified":"2025-04-16T01:38:07","modified_gmt":"2025-04-16T01:38:07","slug":"regresan-las-mascarillas-obligatorias-a-chile","status":"publish","type":"post","link":"https:\/\/reporte272.com\/portal\/regresan-las-mascarillas-obligatorias-a-chile\/","title":{"rendered":"Regresan las mascarillas obligatorias a Chile"},"content":{"rendered":"\n<p class=\"wp-block-paragraph\">Chile. &#8211; Este martes 15 de abril comenz\u00f3 el uso obligatorio de mascarillas en ciertos lugares de Chile, luego de que el Ministerio de Salud (Minsal) decretara Alerta Sanitaria debido al aumento de virus respiratorios.<br>En marzo se dio a conocer esta medida, la cual seg\u00fan sostuvieron las autoridades, se tom\u00f3 producto del incremento de la circulaci\u00f3n viral, espec\u00edficamente del rinovirus, COVID-19, virus sincicial e influenza.<br>D\u00f3nde ser\u00e1 obligatorio el uso de mascarilla y hasta cu\u00e1ndo estar\u00e1 vigente esta medida<br>El uso de mascarillas ser\u00e1 obligatorio desde este martes 15 de abril y se aplicar\u00e1 en todas las \u201cunidades o establecimientos destinados a la atenci\u00f3n de urgencia\u201c, ya sean p\u00fablicos o privados, a lo largo del pa\u00eds.<br>Con respecto a la vigencia de esta medida, las autoridades de Salud decretaron que se extender\u00e1 hasta el domingo 31 de agosto. Aunque, esto se podr\u00eda extender si las condiciones sanitarias lo ameritan.<\/p>\n","protected":false},"excerpt":{"rendered":"<p>Chile. &#8211; Este martes 15 de abril comenz\u00f3 el uso obligatorio de mascarillas en ciertos lugares de Chile, luego de que el Ministerio de Salud (Minsal) decretara Alerta Sanitaria debido al aumento de virus respiratorios.En marzo se dio a conocer esta medida, la cual seg\u00fan sostuvieron las autoridades, se tom\u00f3 producto del incremento de la [&hellip;]<\/p>\n","protected":false},"author":2,"featured_media":4845,"comment_status":"open","ping_status":"open","sticky":false,"template":"","format":"standard","meta":{"rop_custom_images_group":[],"rop_custom_messages_group":[],"rop_publish_now":"initial","rop_publish_now_accounts":{"facebook_2001103103558832_108675811699976":""},"rop_publish_now_history":[],"rop_publish_now_status":"pending","footnotes":""},"categories":[7],"tags":[],"class_list":["post-4844","post","type-post","status-publish","format-standard","has-post-thumbnail","hentry","category-nacional"],"_links":{"self":[{"href":"https:\/\/reporte272.com\/portal\/wp-json\/wp\/v2\/posts\/4844","targetHints":{"allow":["GET"]}}],"collection":[{"href":"https:\/\/reporte272.com\/portal\/wp-json\/wp\/v2\/posts"}],"about":[{"href":"https:\/\/reporte272.com\/portal\/wp-json\/wp\/v2\/types\/post"}],"author":[{"embeddable":true,"href":"https:\/\/reporte272.com\/portal\/wp-json\/wp\/v2\/users\/2"}],"replies":[{"embeddable":true,"href":"https:\/\/reporte272.com\/portal\/wp-json\/wp\/v2\/comments?post=4844"}],"version-history":[{"count":2,"href":"https:\/\/reporte272.com\/portal\/wp-json\/wp\/v2\/posts\/4844\/revisions"}],"predecessor-version":[{"id":4847,"href":"https:\/\/reporte272.com\/portal\/wp-json\/wp\/v2\/posts\/4844\/revisions\/4847"}],"wp:featuredmedia":[{"embeddable":true,"href":"https:\/\/reporte272.com\/portal\/wp-json\/wp\/v2\/media\/4845"}],"wp:attachment":[{"href":"https:\/\/reporte272.com\/portal\/wp-json\/wp\/v2\/media?parent=4844"}],"wp:term":[{"taxonomy":"category","embeddable":true,"href":"https:\/\/reporte272.com\/portal\/wp-json\/wp\/v2\/categories?post=4844"},{"taxonomy":"post_tag","embeddable":true,"href":"https:\/\/reporte272.com\/portal\/wp-json\/wp\/v2\/tags?post=4844"}],"curies":[{"name":"wp","href":"https:\/\/api.w.org\/{rel}","templated":true}]}}