{"id":4848,"date":"2025-04-16T01:42:06","date_gmt":"2025-04-16T01:42:06","guid":{"rendered":"https:\/\/reporte272.com\/portal\/?p=4848"},"modified":"2025-04-16T01:42:07","modified_gmt":"2025-04-16T01:42:07","slug":"el-instituto-nacional-electoral-informa","status":"publish","type":"post","link":"https:\/\/reporte272.com\/portal\/el-instituto-nacional-electoral-informa\/","title":{"rendered":"El Instituto Nacional Electoral informa:"},"content":{"rendered":"\n<p class=\"wp-block-paragraph\">Con motivo del Proceso Extraordinario del Poder Judicial pone a su disposici\u00f3n la<br>p\u00e1gina web del Sistema Con\u00f3celes para la elecci\u00f3n de integrantes del Poder Judicial<br>de la Federaci\u00f3n en el enlace https:\/\/candidaturaspoderjudicial.ine.mx\/, el cual contiene<br>la informaci\u00f3n curricular de las personas candidatas en la Elecci\u00f3n Extraordinaria del<br>Poder Judicial.<br>El citado Sistema permite a la ciudadan\u00eda consultar los siguientes contenidos:<\/p>\n\n\n\n<ul class=\"wp-block-list\">\n<li>Nombre(s)<\/li>\n\n\n\n<li>Apellidos<\/li>\n\n\n\n<li>Fotograf\u00eda<\/li>\n\n\n\n<li>Cargo por el que participa<\/li>\n\n\n\n<li>Sexo<\/li>\n\n\n\n<li>Circunscripci\u00f3n (seg\u00fan el cargo)<\/li>\n\n\n\n<li>Circuito Judicial (seg\u00fan el cargo)<\/li>\n\n\n\n<li>Distrito Judicial (seg\u00fan el cargo)<\/li>\n\n\n\n<li>Especialidad (seg\u00fan el cargo)<\/li>\n\n\n\n<li>N\u00famero de lista en la boleta<\/li>\n\n\n\n<li>Medios de contacto<\/li>\n\n\n\n<li>\u00bfPor qu\u00e9 quiero ocupar un cargo<br>p\u00fablico?<\/li>\n\n\n\n<li>Visi\u00f3n y propuestas sobre la funci\u00f3n<br>jurisdiccional<\/li>\n\n\n\n<li>Curriculum vitae en versi\u00f3n p\u00fablica<\/li>\n\n\n\n<li>Trayectoria acad\u00e9mica<\/li>\n\n\n\n<li>Estudios<\/li>\n\n\n\n<li>Cursos, diplomados, seminarios,<br>especializaciones<br>Se invita a la ciudadan\u00eda a consultar la informaci\u00f3n disponible e informarse para una mayor<br>y mejor participaci\u00f3n.<\/li>\n<\/ul>\n","protected":false},"excerpt":{"rendered":"<p>Con motivo del Proceso Extraordinario del Poder Judicial pone a su disposici\u00f3n lap\u00e1gina web del Sistema Con\u00f3celes para la elecci\u00f3n de integrantes del Poder Judicialde la Federaci\u00f3n en el enlace https:\/\/candidaturaspoderjudicial.ine.mx\/, el cual contienela informaci\u00f3n curricular de las personas candidatas en la Elecci\u00f3n Extraordinaria delPoder Judicial.El citado Sistema permite a la ciudadan\u00eda consultar los siguientes [&hellip;]<\/p>\n","protected":false},"author":2,"featured_media":4849,"comment_status":"open","ping_status":"open","sticky":false,"template":"","format":"standard","meta":{"rop_custom_images_group":[],"rop_custom_messages_group":[],"rop_publish_now":"initial","rop_publish_now_accounts":{"facebook_2001103103558832_108675811699976":""},"rop_publish_now_history":[],"rop_publish_now_status":"pending","footnotes":""},"categories":[6],"tags":[],"class_list":["post-4848","post","type-post","status-publish","format-standard","has-post-thumbnail","hentry","category-estatal"],"_links":{"self":[{"href":"https:\/\/reporte272.com\/portal\/wp-json\/wp\/v2\/posts\/4848","targetHints":{"allow":["GET"]}}],"collection":[{"href":"https:\/\/reporte272.com\/portal\/wp-json\/wp\/v2\/posts"}],"about":[{"href":"https:\/\/reporte272.com\/portal\/wp-json\/wp\/v2\/types\/post"}],"author":[{"embeddable":true,"href":"https:\/\/reporte272.com\/portal\/wp-json\/wp\/v2\/users\/2"}],"replies":[{"embeddable":true,"href":"https:\/\/reporte272.com\/portal\/wp-json\/wp\/v2\/comments?post=4848"}],"version-history":[{"count":1,"href":"https:\/\/reporte272.com\/portal\/wp-json\/wp\/v2\/posts\/4848\/revisions"}],"predecessor-version":[{"id":4850,"href":"https:\/\/reporte272.com\/portal\/wp-json\/wp\/v2\/posts\/4848\/revisions\/4850"}],"wp:featuredmedia":[{"embeddable":true,"href":"https:\/\/reporte272.com\/portal\/wp-json\/wp\/v2\/media\/4849"}],"wp:attachment":[{"href":"https:\/\/reporte272.com\/portal\/wp-json\/wp\/v2\/media?parent=4848"}],"wp:term":[{"taxonomy":"category","embeddable":true,"href":"https:\/\/reporte272.com\/portal\/wp-json\/wp\/v2\/categories?post=4848"},{"taxonomy":"post_tag","embeddable":true,"href":"https:\/\/reporte272.com\/portal\/wp-json\/wp\/v2\/tags?post=4848"}],"curies":[{"name":"wp","href":"https:\/\/api.w.org\/{rel}","templated":true}]}}