{"id":4854,"date":"2025-04-16T05:39:12","date_gmt":"2025-04-16T05:39:12","guid":{"rendered":"https:\/\/reporte272.com\/portal\/?p=4854"},"modified":"2025-04-16T05:39:14","modified_gmt":"2025-04-16T05:39:14","slug":"voraz-incendio-de-pastizales-se-desato-en-fraccionamiento-santa-teresa","status":"publish","type":"post","link":"https:\/\/reporte272.com\/portal\/voraz-incendio-de-pastizales-se-desato-en-fraccionamiento-santa-teresa\/","title":{"rendered":"Voraz incendio de pastizales se desat\u00f3 en fraccionamiento Santa Teresa"},"content":{"rendered":"\n<p class=\"wp-block-paragraph\"><strong>Fort\u00edn, Ver. (Reporte272).- <\/strong>Un incendio de pastizales en el fraccionamiento Santa Teresa ubicado en los l\u00edmites de Fort\u00edn de las Flores con el municipio de C\u00f3rdoba gener\u00f3 una intensa movilizaci\u00f3n de los cuerpos de emergenc\u00eda para sofocarlo que amenzaba con propagarse. <\/p>\n\n\n\n<p class=\"wp-block-paragraph\">Afortunadamente la r\u00e1pida reacci\u00f3n de Bomberos Voluntarios de la ciudad de C\u00f3rdoba as\u00ed como de elementos de Protecci\u00f3n Civil de Fort\u00edn y C\u00f3rdoba, Aguilas Negras y de rescatistas primeros respondientes evit\u00f3 que este amenazar\u00e1 llegar a las viviendas que se ubican en la perifer\u00eda. <\/p>\n","protected":false},"excerpt":{"rendered":"<p>Fort\u00edn, Ver. (Reporte272).- Un incendio de pastizales en el fraccionamiento Santa Teresa ubicado en los l\u00edmites de Fort\u00edn de las Flores con el municipio de C\u00f3rdoba gener\u00f3 una intensa movilizaci\u00f3n de los cuerpos de emergenc\u00eda para sofocarlo que amenzaba con propagarse. Afortunadamente la r\u00e1pida reacci\u00f3n de Bomberos Voluntarios de la ciudad de C\u00f3rdoba as\u00ed como [&hellip;]<\/p>\n","protected":false},"author":2,"featured_media":4855,"comment_status":"open","ping_status":"open","sticky":false,"template":"","format":"standard","meta":{"rop_custom_images_group":[],"rop_custom_messages_group":[],"rop_publish_now":"initial","rop_publish_now_accounts":{"facebook_2001103103558832_108675811699976":""},"rop_publish_now_history":[],"rop_publish_now_status":"pending","footnotes":""},"categories":[9],"tags":[],"class_list":["post-4854","post","type-post","status-publish","format-standard","has-post-thumbnail","hentry","category-policiaca"],"_links":{"self":[{"href":"https:\/\/reporte272.com\/portal\/wp-json\/wp\/v2\/posts\/4854","targetHints":{"allow":["GET"]}}],"collection":[{"href":"https:\/\/reporte272.com\/portal\/wp-json\/wp\/v2\/posts"}],"about":[{"href":"https:\/\/reporte272.com\/portal\/wp-json\/wp\/v2\/types\/post"}],"author":[{"embeddable":true,"href":"https:\/\/reporte272.com\/portal\/wp-json\/wp\/v2\/users\/2"}],"replies":[{"embeddable":true,"href":"https:\/\/reporte272.com\/portal\/wp-json\/wp\/v2\/comments?post=4854"}],"version-history":[{"count":1,"href":"https:\/\/reporte272.com\/portal\/wp-json\/wp\/v2\/posts\/4854\/revisions"}],"predecessor-version":[{"id":4856,"href":"https:\/\/reporte272.com\/portal\/wp-json\/wp\/v2\/posts\/4854\/revisions\/4856"}],"wp:featuredmedia":[{"embeddable":true,"href":"https:\/\/reporte272.com\/portal\/wp-json\/wp\/v2\/media\/4855"}],"wp:attachment":[{"href":"https:\/\/reporte272.com\/portal\/wp-json\/wp\/v2\/media?parent=4854"}],"wp:term":[{"taxonomy":"category","embeddable":true,"href":"https:\/\/reporte272.com\/portal\/wp-json\/wp\/v2\/categories?post=4854"},{"taxonomy":"post_tag","embeddable":true,"href":"https:\/\/reporte272.com\/portal\/wp-json\/wp\/v2\/tags?post=4854"}],"curies":[{"name":"wp","href":"https:\/\/api.w.org\/{rel}","templated":true}]}}