{"id":4863,"date":"2025-04-17T04:16:34","date_gmt":"2025-04-17T04:16:34","guid":{"rendered":"https:\/\/reporte272.com\/portal\/?p=4863"},"modified":"2025-04-17T04:16:35","modified_gmt":"2025-04-17T04:16:35","slug":"dictan-formal-prision-a-tomas-yarrington-exgobernador-de-tamaulipas","status":"publish","type":"post","link":"https:\/\/reporte272.com\/portal\/dictan-formal-prision-a-tomas-yarrington-exgobernador-de-tamaulipas\/","title":{"rendered":"Dictan formal prisi\u00f3n a Tom\u00e1s Yarrington, exgobernador de Tamaulipas"},"content":{"rendered":"\n<p class=\"wp-block-paragraph\">La Fiscal\u00eda General de la Rep\u00fablica (FGR), a trav\u00e9s de su Fiscal\u00eda Especializada en Materia de Delincuencia Organizada (FEMDO), obtuvo un auto de formal prisi\u00f3n en contra de Tom\u00e1s Yarrington, exgobernador de Tamaulipas, por su presunta participaci\u00f3n en delitos contra la salud, espec\u00edficamente por colaboraci\u00f3n al fomento para posibilitar la ejecuci\u00f3n de delitos de esa naturaleza.<\/p>\n\n\n\n<p class=\"wp-block-paragraph\">El pasado 9 de abril,\u00a0autoridades estadounidenses deportaron a\u00a0<strong>Tom\u00e1s Yarrington<\/strong>\u00a0a trav\u00e9s de la Garita El Chaparral, en\u00a0<strong>Tijuana, Baja California<\/strong>. Al momento de su ingreso al pa\u00eds, agentes federales le notificaron que contaba con una orden de aprehensi\u00f3n\u00a0<strong>en su contra<\/strong>\u00a0y se le leyeron sus derechos conforme a la ley.<\/p>\n\n\n\n<p class=\"wp-block-paragraph\">Con informaci\u00f3n de Agencias<\/p>\n","protected":false},"excerpt":{"rendered":"<p>La Fiscal\u00eda General de la Rep\u00fablica (FGR), a trav\u00e9s de su Fiscal\u00eda Especializada en Materia de Delincuencia Organizada (FEMDO), obtuvo un auto de formal prisi\u00f3n en contra de Tom\u00e1s Yarrington, exgobernador de Tamaulipas, por su presunta participaci\u00f3n en delitos contra la salud, espec\u00edficamente por colaboraci\u00f3n al fomento para posibilitar la ejecuci\u00f3n de delitos de esa [&hellip;]<\/p>\n","protected":false},"author":2,"featured_media":4864,"comment_status":"open","ping_status":"open","sticky":false,"template":"","format":"standard","meta":{"rop_custom_images_group":[],"rop_custom_messages_group":[],"rop_publish_now":"initial","rop_publish_now_accounts":{"facebook_2001103103558832_108675811699976":""},"rop_publish_now_history":[],"rop_publish_now_status":"pending","footnotes":""},"categories":[7,9],"tags":[],"class_list":["post-4863","post","type-post","status-publish","format-standard","has-post-thumbnail","hentry","category-nacional","category-policiaca"],"_links":{"self":[{"href":"https:\/\/reporte272.com\/portal\/wp-json\/wp\/v2\/posts\/4863","targetHints":{"allow":["GET"]}}],"collection":[{"href":"https:\/\/reporte272.com\/portal\/wp-json\/wp\/v2\/posts"}],"about":[{"href":"https:\/\/reporte272.com\/portal\/wp-json\/wp\/v2\/types\/post"}],"author":[{"embeddable":true,"href":"https:\/\/reporte272.com\/portal\/wp-json\/wp\/v2\/users\/2"}],"replies":[{"embeddable":true,"href":"https:\/\/reporte272.com\/portal\/wp-json\/wp\/v2\/comments?post=4863"}],"version-history":[{"count":1,"href":"https:\/\/reporte272.com\/portal\/wp-json\/wp\/v2\/posts\/4863\/revisions"}],"predecessor-version":[{"id":4865,"href":"https:\/\/reporte272.com\/portal\/wp-json\/wp\/v2\/posts\/4863\/revisions\/4865"}],"wp:featuredmedia":[{"embeddable":true,"href":"https:\/\/reporte272.com\/portal\/wp-json\/wp\/v2\/media\/4864"}],"wp:attachment":[{"href":"https:\/\/reporte272.com\/portal\/wp-json\/wp\/v2\/media?parent=4863"}],"wp:term":[{"taxonomy":"category","embeddable":true,"href":"https:\/\/reporte272.com\/portal\/wp-json\/wp\/v2\/categories?post=4863"},{"taxonomy":"post_tag","embeddable":true,"href":"https:\/\/reporte272.com\/portal\/wp-json\/wp\/v2\/tags?post=4863"}],"curies":[{"name":"wp","href":"https:\/\/api.w.org\/{rel}","templated":true}]}}