{"id":4866,"date":"2025-04-17T04:39:15","date_gmt":"2025-04-17T04:39:15","guid":{"rendered":"https:\/\/reporte272.com\/portal\/?p=4866"},"modified":"2025-04-17T04:39:17","modified_gmt":"2025-04-17T04:39:17","slug":"cancelan-presentacion-de-luis-r-conriquez-en-feria-de-metepec-2025","status":"publish","type":"post","link":"https:\/\/reporte272.com\/portal\/cancelan-presentacion-de-luis-r-conriquez-en-feria-de-metepec-2025\/","title":{"rendered":"Cancelan presentaci\u00f3n de Luis R. Conriquez en Feria de Metepec 2025"},"content":{"rendered":"\n<p class=\"wp-block-paragraph\">Luis R. Conriquez qued\u00f3 fuera del palenque de la Feria de Metepec 2025, tras el zafarrancho que se arm\u00f3 en la Feria del Caballo en Texcoco, en donde el cantante no interpret\u00f3 narcocorridos.<\/p>\n\n\n\n<p class=\"wp-block-paragraph\">La cancelaci\u00f3n de la presentaci\u00f3n fue confirmada por el alcalde Fernando Flores, asegurando que, hasta el momento, Luis R. Conriquez es el \u00fanico famoso que no se presentar\u00e1 en la Feria de Metepec 2025.<\/p>\n\n\n\n<p class=\"wp-block-paragraph\">\u201cNosotros vamos a acatar las instrucciones como se nos ha solicitado\u201d, dijo el presidente municipal Fernando Flores en entrevista para el programa de Azucena Uresti de Grupo Formula.<\/p>\n","protected":false},"excerpt":{"rendered":"<p>Luis R. Conriquez qued\u00f3 fuera del palenque de la Feria de Metepec 2025, tras el zafarrancho que se arm\u00f3 en la Feria del Caballo en Texcoco, en donde el cantante no interpret\u00f3 narcocorridos. La cancelaci\u00f3n de la presentaci\u00f3n fue confirmada por el alcalde Fernando Flores, asegurando que, hasta el momento, Luis R. Conriquez es el [&hellip;]<\/p>\n","protected":false},"author":2,"featured_media":4867,"comment_status":"open","ping_status":"open","sticky":false,"template":"","format":"standard","meta":{"rop_custom_images_group":[],"rop_custom_messages_group":[],"rop_publish_now":"initial","rop_publish_now_accounts":{"facebook_2001103103558832_108675811699976":""},"rop_publish_now_history":[],"rop_publish_now_status":"pending","footnotes":""},"categories":[7,10],"tags":[],"class_list":["post-4866","post","type-post","status-publish","format-standard","has-post-thumbnail","hentry","category-nacional","category-portada"],"_links":{"self":[{"href":"https:\/\/reporte272.com\/portal\/wp-json\/wp\/v2\/posts\/4866","targetHints":{"allow":["GET"]}}],"collection":[{"href":"https:\/\/reporte272.com\/portal\/wp-json\/wp\/v2\/posts"}],"about":[{"href":"https:\/\/reporte272.com\/portal\/wp-json\/wp\/v2\/types\/post"}],"author":[{"embeddable":true,"href":"https:\/\/reporte272.com\/portal\/wp-json\/wp\/v2\/users\/2"}],"replies":[{"embeddable":true,"href":"https:\/\/reporte272.com\/portal\/wp-json\/wp\/v2\/comments?post=4866"}],"version-history":[{"count":1,"href":"https:\/\/reporte272.com\/portal\/wp-json\/wp\/v2\/posts\/4866\/revisions"}],"predecessor-version":[{"id":4868,"href":"https:\/\/reporte272.com\/portal\/wp-json\/wp\/v2\/posts\/4866\/revisions\/4868"}],"wp:featuredmedia":[{"embeddable":true,"href":"https:\/\/reporte272.com\/portal\/wp-json\/wp\/v2\/media\/4867"}],"wp:attachment":[{"href":"https:\/\/reporte272.com\/portal\/wp-json\/wp\/v2\/media?parent=4866"}],"wp:term":[{"taxonomy":"category","embeddable":true,"href":"https:\/\/reporte272.com\/portal\/wp-json\/wp\/v2\/categories?post=4866"},{"taxonomy":"post_tag","embeddable":true,"href":"https:\/\/reporte272.com\/portal\/wp-json\/wp\/v2\/tags?post=4866"}],"curies":[{"name":"wp","href":"https:\/\/api.w.org\/{rel}","templated":true}]}}