{"id":4895,"date":"2025-04-21T02:29:48","date_gmt":"2025-04-21T02:29:48","guid":{"rendered":"https:\/\/reporte272.com\/portal\/?p=4895"},"modified":"2025-04-21T02:29:49","modified_gmt":"2025-04-21T02:29:49","slug":"le-salio-caro-no-pagar-la-cuenta","status":"publish","type":"post","link":"https:\/\/reporte272.com\/portal\/le-salio-caro-no-pagar-la-cuenta\/","title":{"rendered":"Le sali\u00f3 caro no pagar la cuenta"},"content":{"rendered":"\n<p class=\"wp-block-paragraph\"><strong>Fort\u00edn, Veracruz. (Reporte272).-<\/strong> Con lesiones de gravedad termin\u00f3 un sujeto que presuntamente se neg\u00f3 a pagar la cuenta en conocido restaurant bar de la ciudad de Fort\u00edn de las Flores al intentar salir huyendo para no saldar lo que consumi\u00f3 luego de resbalar y caer de una altura de 10 metros. <\/p>\n\n\n\n<p class=\"wp-block-paragraph\">Los hechos del incidente se registraron la tarde de este domingo en la segunda planta del establecimiento ubicado en Calle 1 Avenida 1 y 2, luego de que el sujeto cayera de las escaleras quedando lesionado con fractura de clavicula policontundido y probable traumatismo craneoencefalico.  <\/p>\n\n\n\n<p class=\"wp-block-paragraph\">Al sitio arribaron param\u00e9dicos y rescatistas primeros respondientes de Fort\u00edn y SAMUV de Fort\u00edn quienes atendieron al masculino, posteriormente fue trasladado a un nosocomio bajo resguardo polic\u00edal y su estado de salud es reservado.<\/p>\n\n\n\n<p class=\"wp-block-paragraph\"> <\/p>\n","protected":false},"excerpt":{"rendered":"<p>Fort\u00edn, Veracruz. (Reporte272).- Con lesiones de gravedad termin\u00f3 un sujeto que presuntamente se neg\u00f3 a pagar la cuenta en conocido restaurant bar de la ciudad de Fort\u00edn de las Flores al intentar salir huyendo para no saldar lo que consumi\u00f3 luego de resbalar y caer de una altura de 10 metros. Los hechos del incidente [&hellip;]<\/p>\n","protected":false},"author":2,"featured_media":4896,"comment_status":"open","ping_status":"open","sticky":false,"template":"","format":"standard","meta":{"rop_custom_images_group":[],"rop_custom_messages_group":[],"rop_publish_now":"initial","rop_publish_now_accounts":{"facebook_2001103103558832_108675811699976":""},"rop_publish_now_history":[],"rop_publish_now_status":"pending","footnotes":""},"categories":[9],"tags":[],"class_list":["post-4895","post","type-post","status-publish","format-standard","has-post-thumbnail","hentry","category-policiaca"],"_links":{"self":[{"href":"https:\/\/reporte272.com\/portal\/wp-json\/wp\/v2\/posts\/4895","targetHints":{"allow":["GET"]}}],"collection":[{"href":"https:\/\/reporte272.com\/portal\/wp-json\/wp\/v2\/posts"}],"about":[{"href":"https:\/\/reporte272.com\/portal\/wp-json\/wp\/v2\/types\/post"}],"author":[{"embeddable":true,"href":"https:\/\/reporte272.com\/portal\/wp-json\/wp\/v2\/users\/2"}],"replies":[{"embeddable":true,"href":"https:\/\/reporte272.com\/portal\/wp-json\/wp\/v2\/comments?post=4895"}],"version-history":[{"count":1,"href":"https:\/\/reporte272.com\/portal\/wp-json\/wp\/v2\/posts\/4895\/revisions"}],"predecessor-version":[{"id":4897,"href":"https:\/\/reporte272.com\/portal\/wp-json\/wp\/v2\/posts\/4895\/revisions\/4897"}],"wp:featuredmedia":[{"embeddable":true,"href":"https:\/\/reporte272.com\/portal\/wp-json\/wp\/v2\/media\/4896"}],"wp:attachment":[{"href":"https:\/\/reporte272.com\/portal\/wp-json\/wp\/v2\/media?parent=4895"}],"wp:term":[{"taxonomy":"category","embeddable":true,"href":"https:\/\/reporte272.com\/portal\/wp-json\/wp\/v2\/categories?post=4895"},{"taxonomy":"post_tag","embeddable":true,"href":"https:\/\/reporte272.com\/portal\/wp-json\/wp\/v2\/tags?post=4895"}],"curies":[{"name":"wp","href":"https:\/\/api.w.org\/{rel}","templated":true}]}}