{"id":4898,"date":"2025-04-21T02:52:03","date_gmt":"2025-04-21T02:52:03","guid":{"rendered":"https:\/\/reporte272.com\/portal\/?p=4898"},"modified":"2025-04-21T02:52:04","modified_gmt":"2025-04-21T02:52:04","slug":"inaugura-pan-nueva-oficina-en-ixhuatlancillo","status":"publish","type":"post","link":"https:\/\/reporte272.com\/portal\/inaugura-pan-nueva-oficina-en-ixhuatlancillo\/","title":{"rendered":"Inaugura PAN nueva oficina, en Ixhuatlancillo"},"content":{"rendered":"\n<p class=\"wp-block-paragraph\"><strong>Ixhuatlancillo, Veracruz. (Reporte272).<\/strong>&#8211; La tarde de este domingo se llev\u00f3 a cabo la inauguraci\u00f3n de la nueva oficina del Comit\u00e9 Directivo Municipal del Partido Acci\u00f3n Nacional en el municipio de Ixhuatlancillo, en un evento que congreg\u00f3 a decenas de simpatizantes y militantes.<\/p>\n\n\n\n<p class=\"wp-block-paragraph\">El corte de list\u00f3n inaugural corri\u00f3 a cargo de la secretaria del Comit\u00e9 Directivo Municipal (CDM) del PAN en Ixhuatlancillo, Claudia Hilario Montero, qui\u00e9n estuvo acompa\u00f1ada de invitados especiales, como: Rosal\u00eda Temoztle Saenz, Martina Mora Contreras y el ingeniero Francisco Zavala Cruz.<\/p>\n\n\n\n<p class=\"wp-block-paragraph\">La bienvenida a los simpatizantes y militantes corri\u00f3 a cargo de Adr\u00edan Rosas Perfecto, qui\u00e9n durante el protocolo de inauguraci\u00f3n sostuvo que a pesar de los contratiempos que se presentaron para aperturar las nuevas oficinas, el entusiasmo no decay\u00f3.<\/p>\n\n\n\n<p class=\"wp-block-paragraph\">Indic\u00f3 que la apertura de la Casa Azul se deriva en gran medida gracias a los simpatizantes y militantes de blanquiazul que han mostrado mucho inter\u00e9s y sobre todo porque representa un paso importante.<\/p>\n\n\n\n<p class=\"wp-block-paragraph\">Cabe hacer menci\u00f3n que tras la inauguraci\u00f3n los integrantes del comit\u00e9 sostuvieron una convivencia con los asistentes para festejar que ya cuentan con un espacio digno y que seguramente dar\u00e1 de qu\u00e9 hablar en las elecciones del pr\u00f3ximo 1 de junio de 2025.<\/p>\n","protected":false},"excerpt":{"rendered":"<p>Ixhuatlancillo, Veracruz. (Reporte272).&#8211; La tarde de este domingo se llev\u00f3 a cabo la inauguraci\u00f3n de la nueva oficina del Comit\u00e9 Directivo Municipal del Partido Acci\u00f3n Nacional en el municipio de Ixhuatlancillo, en un evento que congreg\u00f3 a decenas de simpatizantes y militantes. El corte de list\u00f3n inaugural corri\u00f3 a cargo de la secretaria del Comit\u00e9 [&hellip;]<\/p>\n","protected":false},"author":2,"featured_media":4899,"comment_status":"open","ping_status":"open","sticky":false,"template":"","format":"standard","meta":{"rop_custom_images_group":[],"rop_custom_messages_group":[],"rop_publish_now":"initial","rop_publish_now_accounts":{"facebook_2001103103558832_108675811699976":""},"rop_publish_now_history":[],"rop_publish_now_status":"pending","footnotes":""},"categories":[5],"tags":[],"class_list":["post-4898","post","type-post","status-publish","format-standard","has-post-thumbnail","hentry","category-local"],"_links":{"self":[{"href":"https:\/\/reporte272.com\/portal\/wp-json\/wp\/v2\/posts\/4898","targetHints":{"allow":["GET"]}}],"collection":[{"href":"https:\/\/reporte272.com\/portal\/wp-json\/wp\/v2\/posts"}],"about":[{"href":"https:\/\/reporte272.com\/portal\/wp-json\/wp\/v2\/types\/post"}],"author":[{"embeddable":true,"href":"https:\/\/reporte272.com\/portal\/wp-json\/wp\/v2\/users\/2"}],"replies":[{"embeddable":true,"href":"https:\/\/reporte272.com\/portal\/wp-json\/wp\/v2\/comments?post=4898"}],"version-history":[{"count":1,"href":"https:\/\/reporte272.com\/portal\/wp-json\/wp\/v2\/posts\/4898\/revisions"}],"predecessor-version":[{"id":4900,"href":"https:\/\/reporte272.com\/portal\/wp-json\/wp\/v2\/posts\/4898\/revisions\/4900"}],"wp:featuredmedia":[{"embeddable":true,"href":"https:\/\/reporte272.com\/portal\/wp-json\/wp\/v2\/media\/4899"}],"wp:attachment":[{"href":"https:\/\/reporte272.com\/portal\/wp-json\/wp\/v2\/media?parent=4898"}],"wp:term":[{"taxonomy":"category","embeddable":true,"href":"https:\/\/reporte272.com\/portal\/wp-json\/wp\/v2\/categories?post=4898"},{"taxonomy":"post_tag","embeddable":true,"href":"https:\/\/reporte272.com\/portal\/wp-json\/wp\/v2\/tags?post=4898"}],"curies":[{"name":"wp","href":"https:\/\/api.w.org\/{rel}","templated":true}]}}