{"id":4901,"date":"2025-04-21T03:37:00","date_gmt":"2025-04-21T03:37:00","guid":{"rendered":"https:\/\/reporte272.com\/portal\/?p=4901"},"modified":"2025-04-21T03:37:01","modified_gmt":"2025-04-21T03:37:01","slug":"se-incendia-vivienda-en-el-fraccionamiento-los-tulipanes-en-orizaba","status":"publish","type":"post","link":"https:\/\/reporte272.com\/portal\/se-incendia-vivienda-en-el-fraccionamiento-los-tulipanes-en-orizaba\/","title":{"rendered":"Se incendia vivienda en el fraccionamiento Los Tulipanes, en Orizaba"},"content":{"rendered":"\n<p class=\"wp-block-paragraph\"><strong>Orizaba, Ver. (Reporte272).-<\/strong> Da\u00f1os materiales y la movilizaci\u00f3n de grupos de emergencia y respuesta r\u00e1pida de la ciudad de Orizaba fue el saldo que dej\u00f3 un incendio registrado en una vivienda ubicada en el fraccionamiento Tulipanes. <\/p>\n\n\n\n<p class=\"wp-block-paragraph\">De acuerdo a los primeros reportes, el incendio se registr\u00f3 alrededor de las 19:00 horas en la vivienda marcada con el n\u00famero 13 que se encuentra ubicada en Avenida de La Fuente y prolongaci\u00f3n de Norte 10 del fraccionamiento Tulipanes. <\/p>\n\n\n\n<p class=\"wp-block-paragraph\">Al sitio llegaron oportunamente Bomberos Orizaba de la estaci\u00f3n 119 as\u00ed como param\u00e9dicos de Protecci\u00f3n Civil quienes de manera inmediata iniciaron labores de control de las llamas durante hora y media mientras que oficiales de la Polic\u00eda Municipal resguardaron la zona para evitar un incidente mayor.<\/p>\n\n\n\n<p class=\"wp-block-paragraph\">Del incendio solo se registraron p\u00e9rdidas materiales no cuantificados y tampoco se tiene reporte de personas lesionadas o intoxicadas por la inhalaci\u00f3n de humo.<\/p>\n\n\n\n<p class=\"wp-block-paragraph\">Ha trascendido que en el lugar perecieron dos mascotas de la familia situaci\u00f3n que no ha sido confirmada. <\/p>\n\n\n\n<p class=\"wp-block-paragraph\"><\/p>\n","protected":false},"excerpt":{"rendered":"<p>Orizaba, Ver. (Reporte272).- Da\u00f1os materiales y la movilizaci\u00f3n de grupos de emergencia y respuesta r\u00e1pida de la ciudad de Orizaba fue el saldo que dej\u00f3 un incendio registrado en una vivienda ubicada en el fraccionamiento Tulipanes. De acuerdo a los primeros reportes, el incendio se registr\u00f3 alrededor de las 19:00 horas en la vivienda marcada [&hellip;]<\/p>\n","protected":false},"author":2,"featured_media":4902,"comment_status":"open","ping_status":"open","sticky":false,"template":"","format":"standard","meta":{"rop_custom_images_group":[],"rop_custom_messages_group":[],"rop_publish_now":"initial","rop_publish_now_accounts":{"facebook_2001103103558832_108675811699976":""},"rop_publish_now_history":[],"rop_publish_now_status":"pending","footnotes":""},"categories":[9],"tags":[],"class_list":["post-4901","post","type-post","status-publish","format-standard","has-post-thumbnail","hentry","category-policiaca"],"_links":{"self":[{"href":"https:\/\/reporte272.com\/portal\/wp-json\/wp\/v2\/posts\/4901","targetHints":{"allow":["GET"]}}],"collection":[{"href":"https:\/\/reporte272.com\/portal\/wp-json\/wp\/v2\/posts"}],"about":[{"href":"https:\/\/reporte272.com\/portal\/wp-json\/wp\/v2\/types\/post"}],"author":[{"embeddable":true,"href":"https:\/\/reporte272.com\/portal\/wp-json\/wp\/v2\/users\/2"}],"replies":[{"embeddable":true,"href":"https:\/\/reporte272.com\/portal\/wp-json\/wp\/v2\/comments?post=4901"}],"version-history":[{"count":1,"href":"https:\/\/reporte272.com\/portal\/wp-json\/wp\/v2\/posts\/4901\/revisions"}],"predecessor-version":[{"id":4903,"href":"https:\/\/reporte272.com\/portal\/wp-json\/wp\/v2\/posts\/4901\/revisions\/4903"}],"wp:featuredmedia":[{"embeddable":true,"href":"https:\/\/reporte272.com\/portal\/wp-json\/wp\/v2\/media\/4902"}],"wp:attachment":[{"href":"https:\/\/reporte272.com\/portal\/wp-json\/wp\/v2\/media?parent=4901"}],"wp:term":[{"taxonomy":"category","embeddable":true,"href":"https:\/\/reporte272.com\/portal\/wp-json\/wp\/v2\/categories?post=4901"},{"taxonomy":"post_tag","embeddable":true,"href":"https:\/\/reporte272.com\/portal\/wp-json\/wp\/v2\/tags?post=4901"}],"curies":[{"name":"wp","href":"https:\/\/api.w.org\/{rel}","templated":true}]}}