{"id":4910,"date":"2025-04-21T04:28:47","date_gmt":"2025-04-21T04:28:47","guid":{"rendered":"https:\/\/reporte272.com\/portal\/?p=4910"},"modified":"2025-04-21T04:31:55","modified_gmt":"2025-04-21T04:31:55","slug":"detienen-a-feminicida-infantil","status":"publish","type":"post","link":"https:\/\/reporte272.com\/portal\/detienen-a-feminicida-infantil\/","title":{"rendered":"Detienen a sujeto que presuntamente agarr\u00f3 de almohada a su beb\u00e9"},"content":{"rendered":"\n<p class=\"wp-block-paragraph\"><strong>Amatl\u00e1n de Los Reyes, Veracruz. (Reporte272).-<\/strong> Luego de que presuntamente le causar\u00e1  la mu3rte a su peque\u00f1a hija de tan solo tres meses de nacida  por haberse quedado dormido encima de ella al encontrarse en aparente estado de ebriedad, autoridades de la Fiscal\u00eda Especializada en Investigaci\u00f3n de Delitos de Violencia Contra la Familia, Mujeres, Ni\u00f1as y Ni\u00f1os y de Trata de Personas con sede en Amatl\u00e1n de Los Reyes, lograron la detencion de un padre de familia cuando se encontraba en su vivienda ubicada en el municipio de Omealca, Veracruz.<\/p>\n\n\n\n<p class=\"wp-block-paragraph\">El detenido fue puesto a disposici\u00f3n y enfrentar\u00e1 el delito de feminicidio dentro del proceso penal 106\/2025, el sujeto fue identificado c\u00f3mo Eduardo &#8220;N&#8221;, originario de la Comunidad de La Palma, del municipio de Omealca.<br>Los lamentables hechos se registraron el pasado viernes 18 de abril, cu\u00e1ndo el padre de familia se qued\u00f3 al cuidado de su peque\u00f1ita mientras la madre se encontraba laborando de noche en una tienda de conveniencia.<\/p>\n\n\n\n<p class=\"wp-block-paragraph\">Aparentemente, el hombre lejos de cuidar a la infante se dedic\u00f3 a ingerir bebidas alcoholicas hasta terminar inconsciente y dormirse encima de la ni\u00f1a, la cual se dice la utiliz\u00f3 como almohada y por ende asfixiarla hasta causarle la muerte.<\/p>\n\n\n\n<p class=\"wp-block-paragraph\">Las autoridades de la Fiscal\u00eda confirmaron su detencion ademas de que ya le fue impuesta la medida cautelar la prisi\u00f3n preventiva oficiosa, la cual cumple en el Penal de Mediana Seguridad de La Toma, en Amatl\u00e1n de Los Reyes.<\/p>\n\n\n\n<p class=\"wp-block-paragraph\"><\/p>\n","protected":false},"excerpt":{"rendered":"<p>Amatl\u00e1n de Los Reyes, Veracruz. (Reporte272).- Luego de que presuntamente le causar\u00e1 la mu3rte a su peque\u00f1a hija de tan solo tres meses de nacida por haberse quedado dormido encima de ella al encontrarse en aparente estado de ebriedad, autoridades de la Fiscal\u00eda Especializada en Investigaci\u00f3n de Delitos de Violencia Contra la Familia, Mujeres, Ni\u00f1as [&hellip;]<\/p>\n","protected":false},"author":2,"featured_media":4911,"comment_status":"open","ping_status":"open","sticky":false,"template":"","format":"standard","meta":{"rop_custom_images_group":[],"rop_custom_messages_group":[],"rop_publish_now":"initial","rop_publish_now_accounts":{"facebook_2001103103558832_108675811699976":""},"rop_publish_now_history":[],"rop_publish_now_status":"pending","footnotes":""},"categories":[9,10],"tags":[],"class_list":["post-4910","post","type-post","status-publish","format-standard","has-post-thumbnail","hentry","category-policiaca","category-portada"],"_links":{"self":[{"href":"https:\/\/reporte272.com\/portal\/wp-json\/wp\/v2\/posts\/4910","targetHints":{"allow":["GET"]}}],"collection":[{"href":"https:\/\/reporte272.com\/portal\/wp-json\/wp\/v2\/posts"}],"about":[{"href":"https:\/\/reporte272.com\/portal\/wp-json\/wp\/v2\/types\/post"}],"author":[{"embeddable":true,"href":"https:\/\/reporte272.com\/portal\/wp-json\/wp\/v2\/users\/2"}],"replies":[{"embeddable":true,"href":"https:\/\/reporte272.com\/portal\/wp-json\/wp\/v2\/comments?post=4910"}],"version-history":[{"count":2,"href":"https:\/\/reporte272.com\/portal\/wp-json\/wp\/v2\/posts\/4910\/revisions"}],"predecessor-version":[{"id":4913,"href":"https:\/\/reporte272.com\/portal\/wp-json\/wp\/v2\/posts\/4910\/revisions\/4913"}],"wp:featuredmedia":[{"embeddable":true,"href":"https:\/\/reporte272.com\/portal\/wp-json\/wp\/v2\/media\/4911"}],"wp:attachment":[{"href":"https:\/\/reporte272.com\/portal\/wp-json\/wp\/v2\/media?parent=4910"}],"wp:term":[{"taxonomy":"category","embeddable":true,"href":"https:\/\/reporte272.com\/portal\/wp-json\/wp\/v2\/categories?post=4910"},{"taxonomy":"post_tag","embeddable":true,"href":"https:\/\/reporte272.com\/portal\/wp-json\/wp\/v2\/tags?post=4910"}],"curies":[{"name":"wp","href":"https:\/\/api.w.org\/{rel}","templated":true}]}}