{"id":4924,"date":"2025-04-22T14:49:58","date_gmt":"2025-04-22T14:49:58","guid":{"rendered":"https:\/\/reporte272.com\/portal\/?p=4924"},"modified":"2025-04-22T14:52:38","modified_gmt":"2025-04-22T14:52:38","slug":"maltrata-fatal-accidente-en-las-cumbres-de-maltrata","status":"publish","type":"post","link":"https:\/\/reporte272.com\/portal\/maltrata-fatal-accidente-en-las-cumbres-de-maltrata\/","title":{"rendered":"Fatal accidente en las cumbres de Maltrata deja 1 persona fallecida"},"content":{"rendered":"\n<p class=\"wp-block-paragraph\"><strong>Maltrata, Veracruz. (Reporte272).-<\/strong> El accidente entre un tr\u00e1iler que remolcaba una plataforma y camioneta particular sobre la Autopista 150D Orizaba-Puebla, dej\u00f3 como saldo una persona sin vid4, otra m\u00e1s lesionada, da\u00f1os materiales, asi como el cierre total de la circulaci\u00f3n vehicular poco antes de llegar al Libramiento o Tr\u00e9bol de Maltrata y la movilizaci\u00f3n de cuerpos policiales, de rescate y de autoridades de la Fiscal\u00eda.<\/p>\n\n\n\n<p class=\"wp-block-paragraph\">Se inform\u00f3 que, el fatal incidente se present\u00f3 en punto de las 20:14 horas en el kil\u00f3metro 251 del tramo carretero <strong>Ciudad Mendoza- Acatzingo, <\/strong>cuando la camioneta marca Jeep de color blanco y con placas de circulaci\u00f3n de Veracruz: YLS527A, perdi\u00f3 el control y se accident\u00f3 cuando cruzaba la zona de la segunda virgencita.<\/p>\n\n\n\n<p class=\"wp-block-paragraph\">Debido a que la unidad qued\u00f3 varada en sentido contrario, el conductor del tr\u00e1iler marca Freightliner, de color blanco y modelo atrasado, qu\u00e9 remolcaba una plataforma vac\u00eda, intent\u00f3 frenar pero al encontrarse el piso mojado, tanto el tractocami\u00f3n como el remolque se descuadraron y se llevaron entre las ruedas a la Jeep, hasta chocar contra el cerro.<\/p>\n\n\n\n<p class=\"wp-block-paragraph\">El conductor de la camioneta desafortunadamente perdi\u00f3 la vid4 de manera instant\u00e1nea al quedar prensado y debajo del tractocami\u00f3n; milagrosamente el acompa\u00f1ante salv\u00f3 su vida, mismo que fue atendido por los param\u00e9dicos de Capufe y no requiri\u00f3 ser trasladado a un hospital.<br>Una vez que se confirm\u00f3 el f4llecimiento del conductor de la camioneta, las autoridades carreteras de la Guardia Nacional procedieron a acordonar el lugar del accidente, de acuerdo al protocolo de cadena de custodia.<\/p>\n\n\n\n<p class=\"wp-block-paragraph\">Fue el personal de la Fiscal\u00eda de Orizaba con peritos forenses y detectives ministeriales quienes tomaron conocimiento del accidente y solicitaron al personal de gr\u00faas realizar el retiro de las unidades para poder rescatar el cu3rpo del masculino que qued\u00f3 prensado entre los fierros retorcidos de ambas unidades automotoras.<br>El c4d\u00e1ver sera enviado en calidad de desconocido al Semefo Regional de la ciudad de Orizaba, para los tr\u00e1mites pertinentes de ley e identificaci\u00f3n oficial.<br>Cabe agregar que, la circulaci\u00f3n vehicular de tan importante v\u00eda de comunicaci\u00f3n permanecer\u00e1 cerrada por algunas horas horas, por lo que las autoridades carreteras piden a los automovilistas usuarios a tomar v\u00edas alternas como la Carretera Federal 150 Orizaba- Acultzingo &#8211; Azumbilla &#8211; Tehuac\u00e1n.<\/p>\n\n\n\n<p class=\"wp-block-paragraph\"><\/p>\n","protected":false},"excerpt":{"rendered":"<p>Maltrata, Veracruz. (Reporte272).- El accidente entre un tr\u00e1iler que remolcaba una plataforma y camioneta particular sobre la Autopista 150D Orizaba-Puebla, dej\u00f3 como saldo una persona sin vid4, otra m\u00e1s lesionada, da\u00f1os materiales, asi como el cierre total de la circulaci\u00f3n vehicular poco antes de llegar al Libramiento o Tr\u00e9bol de Maltrata y la movilizaci\u00f3n de [&hellip;]<\/p>\n","protected":false},"author":2,"featured_media":4925,"comment_status":"open","ping_status":"open","sticky":false,"template":"","format":"standard","meta":{"rop_custom_images_group":[],"rop_custom_messages_group":[],"rop_publish_now":"initial","rop_publish_now_accounts":{"facebook_2001103103558832_108675811699976":""},"rop_publish_now_history":[],"rop_publish_now_status":"pending","footnotes":""},"categories":[9],"tags":[],"class_list":["post-4924","post","type-post","status-publish","format-standard","has-post-thumbnail","hentry","category-policiaca"],"_links":{"self":[{"href":"https:\/\/reporte272.com\/portal\/wp-json\/wp\/v2\/posts\/4924","targetHints":{"allow":["GET"]}}],"collection":[{"href":"https:\/\/reporte272.com\/portal\/wp-json\/wp\/v2\/posts"}],"about":[{"href":"https:\/\/reporte272.com\/portal\/wp-json\/wp\/v2\/types\/post"}],"author":[{"embeddable":true,"href":"https:\/\/reporte272.com\/portal\/wp-json\/wp\/v2\/users\/2"}],"replies":[{"embeddable":true,"href":"https:\/\/reporte272.com\/portal\/wp-json\/wp\/v2\/comments?post=4924"}],"version-history":[{"count":2,"href":"https:\/\/reporte272.com\/portal\/wp-json\/wp\/v2\/posts\/4924\/revisions"}],"predecessor-version":[{"id":4927,"href":"https:\/\/reporte272.com\/portal\/wp-json\/wp\/v2\/posts\/4924\/revisions\/4927"}],"wp:featuredmedia":[{"embeddable":true,"href":"https:\/\/reporte272.com\/portal\/wp-json\/wp\/v2\/media\/4925"}],"wp:attachment":[{"href":"https:\/\/reporte272.com\/portal\/wp-json\/wp\/v2\/media?parent=4924"}],"wp:term":[{"taxonomy":"category","embeddable":true,"href":"https:\/\/reporte272.com\/portal\/wp-json\/wp\/v2\/categories?post=4924"},{"taxonomy":"post_tag","embeddable":true,"href":"https:\/\/reporte272.com\/portal\/wp-json\/wp\/v2\/tags?post=4924"}],"curies":[{"name":"wp","href":"https:\/\/api.w.org\/{rel}","templated":true}]}}