{"id":4928,"date":"2025-04-22T14:58:53","date_gmt":"2025-04-22T14:58:53","guid":{"rendered":"https:\/\/reporte272.com\/portal\/?p=4928"},"modified":"2025-04-22T14:58:54","modified_gmt":"2025-04-22T14:58:54","slug":"imputado-por-pederastia-en-tezonapa-juez-dicta-prision","status":"publish","type":"post","link":"https:\/\/reporte272.com\/portal\/imputado-por-pederastia-en-tezonapa-juez-dicta-prision\/","title":{"rendered":"Imputado por pederastia en Tezonapa; juez dicta prisi\u00f3n"},"content":{"rendered":"\n<p class=\"wp-block-paragraph\"><strong>C\u00f3rdoba, Veracruz.- <\/strong>La Fiscal\u00eda Especializada en Investigaci\u00f3n de Delitos de Violencia Contra la Familia, Mujeres, Ni\u00f1as y Ni\u00f1os y de Trata de Personas imput\u00f3 a Nahum \u201cN\u201d como probable responsable del delito de pederastia agravada, cometido en agravio de una menor cuya identidad ha sido protegida.<\/p>\n\n\n\n<p class=\"wp-block-paragraph\">Los hechos habr\u00edan ocurrido en el municipio de Tezonapa, Veracruz. Tras la presentaci\u00f3n de pruebas iniciales, el juez determin\u00f3 como medida cautelar prisi\u00f3n preventiva justificada, dentro del proceso penal 238\/2020.<\/p>\n\n\n\n<p class=\"wp-block-paragraph\">El caso se encuentra en curso y continuar\u00e1 bajo investigaci\u00f3n conforme a derecho.<\/p>\n","protected":false},"excerpt":{"rendered":"<p>C\u00f3rdoba, Veracruz.- La Fiscal\u00eda Especializada en Investigaci\u00f3n de Delitos de Violencia Contra la Familia, Mujeres, Ni\u00f1as y Ni\u00f1os y de Trata de Personas imput\u00f3 a Nahum \u201cN\u201d como probable responsable del delito de pederastia agravada, cometido en agravio de una menor cuya identidad ha sido protegida. Los hechos habr\u00edan ocurrido en el municipio de Tezonapa, [&hellip;]<\/p>\n","protected":false},"author":2,"featured_media":4929,"comment_status":"open","ping_status":"open","sticky":false,"template":"","format":"standard","meta":{"rop_custom_images_group":[],"rop_custom_messages_group":[],"rop_publish_now":"initial","rop_publish_now_accounts":{"facebook_2001103103558832_108675811699976":""},"rop_publish_now_history":[],"rop_publish_now_status":"pending","footnotes":""},"categories":[9],"tags":[],"class_list":["post-4928","post","type-post","status-publish","format-standard","has-post-thumbnail","hentry","category-policiaca"],"_links":{"self":[{"href":"https:\/\/reporte272.com\/portal\/wp-json\/wp\/v2\/posts\/4928","targetHints":{"allow":["GET"]}}],"collection":[{"href":"https:\/\/reporte272.com\/portal\/wp-json\/wp\/v2\/posts"}],"about":[{"href":"https:\/\/reporte272.com\/portal\/wp-json\/wp\/v2\/types\/post"}],"author":[{"embeddable":true,"href":"https:\/\/reporte272.com\/portal\/wp-json\/wp\/v2\/users\/2"}],"replies":[{"embeddable":true,"href":"https:\/\/reporte272.com\/portal\/wp-json\/wp\/v2\/comments?post=4928"}],"version-history":[{"count":1,"href":"https:\/\/reporte272.com\/portal\/wp-json\/wp\/v2\/posts\/4928\/revisions"}],"predecessor-version":[{"id":4930,"href":"https:\/\/reporte272.com\/portal\/wp-json\/wp\/v2\/posts\/4928\/revisions\/4930"}],"wp:featuredmedia":[{"embeddable":true,"href":"https:\/\/reporte272.com\/portal\/wp-json\/wp\/v2\/media\/4929"}],"wp:attachment":[{"href":"https:\/\/reporte272.com\/portal\/wp-json\/wp\/v2\/media?parent=4928"}],"wp:term":[{"taxonomy":"category","embeddable":true,"href":"https:\/\/reporte272.com\/portal\/wp-json\/wp\/v2\/categories?post=4928"},{"taxonomy":"post_tag","embeddable":true,"href":"https:\/\/reporte272.com\/portal\/wp-json\/wp\/v2\/tags?post=4928"}],"curies":[{"name":"wp","href":"https:\/\/api.w.org\/{rel}","templated":true}]}}