{"id":4931,"date":"2025-04-22T15:40:58","date_gmt":"2025-04-22T15:40:58","guid":{"rendered":"https:\/\/reporte272.com\/portal\/?p=4931"},"modified":"2025-04-22T15:40:59","modified_gmt":"2025-04-22T15:40:59","slug":"honda-no-se-va-de-mexico-esto-dijo-marcelo-ebrard-al-respecto","status":"publish","type":"post","link":"https:\/\/reporte272.com\/portal\/honda-no-se-va-de-mexico-esto-dijo-marcelo-ebrard-al-respecto\/","title":{"rendered":"Honda NO se va de M\u00e9xico: esto dijo Marcelo Ebrard al respecto"},"content":{"rendered":"\n<p class=\"wp-block-paragraph\">El secretario de Econom\u00eda, Marcelo Ebrard, confirm\u00f3 que\u00a0<strong>Honda no tiene planes de\u00a0abandonar ni modificar sus operaciones de producci\u00f3n en territorio mexicano<\/strong>, a pesar de los recientes reportes internacionales que suger\u00edan lo contrario.<\/p>\n\n\n\n<p class=\"wp-block-paragraph\">El funcionario federal utiliz\u00f3 la red social X (antes Twitter) para aclarar los rumores que circularon tras un informe del medio japon\u00e9s&nbsp;<em>Nikkei<\/em>, el cual afirmaba que la empresa automotriz japonesa evaluaba mover parte de su producci\u00f3n de M\u00e9xico y Canad\u00e1 a Estados Unidos.<\/p>\n\n\n\n<p class=\"wp-block-paragraph\">Ebrard escribi\u00f3 de manera textual:<\/p>\n\n\n\n<blockquote class=\"wp-block-quote is-layout-flow wp-block-quote-is-layout-flow\">\n<p class=\"wp-block-paragraph\">\u201cMe preguntan sobre una nota que circula respecto de la empresa automotriz Honda, al respecto les puedo informar que sus directivos en nuestro pa\u00eds nos comparten no hay modificaci\u00f3n alguna a sus planes de producci\u00f3n en M\u00e9xico. Saludos cordiales\u201d.<\/p>\n\n\n\n<p class=\"wp-block-paragraph\">Con informaci\u00f3n de Merca20<\/p>\n<\/blockquote>\n","protected":false},"excerpt":{"rendered":"<p>El secretario de Econom\u00eda, Marcelo Ebrard, confirm\u00f3 que\u00a0Honda no tiene planes de\u00a0abandonar ni modificar sus operaciones de producci\u00f3n en territorio mexicano, a pesar de los recientes reportes internacionales que suger\u00edan lo contrario. El funcionario federal utiliz\u00f3 la red social X (antes Twitter) para aclarar los rumores que circularon tras un informe del medio japon\u00e9s&nbsp;Nikkei, el [&hellip;]<\/p>\n","protected":false},"author":2,"featured_media":4932,"comment_status":"open","ping_status":"open","sticky":false,"template":"","format":"standard","meta":{"rop_custom_images_group":[],"rop_custom_messages_group":[],"rop_publish_now":"initial","rop_publish_now_accounts":{"facebook_2001103103558832_108675811699976":""},"rop_publish_now_history":[],"rop_publish_now_status":"pending","footnotes":""},"categories":[7],"tags":[],"class_list":["post-4931","post","type-post","status-publish","format-standard","has-post-thumbnail","hentry","category-nacional"],"_links":{"self":[{"href":"https:\/\/reporte272.com\/portal\/wp-json\/wp\/v2\/posts\/4931","targetHints":{"allow":["GET"]}}],"collection":[{"href":"https:\/\/reporte272.com\/portal\/wp-json\/wp\/v2\/posts"}],"about":[{"href":"https:\/\/reporte272.com\/portal\/wp-json\/wp\/v2\/types\/post"}],"author":[{"embeddable":true,"href":"https:\/\/reporte272.com\/portal\/wp-json\/wp\/v2\/users\/2"}],"replies":[{"embeddable":true,"href":"https:\/\/reporte272.com\/portal\/wp-json\/wp\/v2\/comments?post=4931"}],"version-history":[{"count":1,"href":"https:\/\/reporte272.com\/portal\/wp-json\/wp\/v2\/posts\/4931\/revisions"}],"predecessor-version":[{"id":4933,"href":"https:\/\/reporte272.com\/portal\/wp-json\/wp\/v2\/posts\/4931\/revisions\/4933"}],"wp:featuredmedia":[{"embeddable":true,"href":"https:\/\/reporte272.com\/portal\/wp-json\/wp\/v2\/media\/4932"}],"wp:attachment":[{"href":"https:\/\/reporte272.com\/portal\/wp-json\/wp\/v2\/media?parent=4931"}],"wp:term":[{"taxonomy":"category","embeddable":true,"href":"https:\/\/reporte272.com\/portal\/wp-json\/wp\/v2\/categories?post=4931"},{"taxonomy":"post_tag","embeddable":true,"href":"https:\/\/reporte272.com\/portal\/wp-json\/wp\/v2\/tags?post=4931"}],"curies":[{"name":"wp","href":"https:\/\/api.w.org\/{rel}","templated":true}]}}