{"id":4934,"date":"2025-04-22T16:11:31","date_gmt":"2025-04-22T16:11:31","guid":{"rendered":"https:\/\/reporte272.com\/portal\/?p=4934"},"modified":"2025-04-22T16:11:32","modified_gmt":"2025-04-22T16:11:32","slug":"moto-choca-con-camioneta-en-cordoba","status":"publish","type":"post","link":"https:\/\/reporte272.com\/portal\/moto-choca-con-camioneta-en-cordoba\/","title":{"rendered":"Moto choca con camioneta, en C\u00f3rdoba"},"content":{"rendered":"\n<p class=\"wp-block-paragraph\"><strong>C\u00f3rdoba, Veracruz. (Reporte272).-<\/strong> Una persona result\u00f3 lesionado luego del choque entre un motociclista y una camioneta pick up Nissan de batea\u00a0en pleno centro de la ciudad de C\u00f3rdoba luego de que se pasar\u00e1n el alto.<\/p>\n\n\n\n<p class=\"wp-block-paragraph\">Los hechos se registraron en Avenida 2 y Calle 6 cuando la pick up en color blanco con placas de circulaci\u00f3n del estado de Veracruz y una motociclista cargo en color rojo no respetara uno de ellos el sem\u00e1foro y terminar\u00e1 accident\u00e1ndose.<\/p>\n\n\n\n<p class=\"wp-block-paragraph\">Al sitio arribaron elementos de Transito y peritos as\u00ed como una gr\u00faa tipo plana para remolcar ambas unidades luego de revabar datos para el deslinde de responsabilidades.<\/p>\n","protected":false},"excerpt":{"rendered":"<p>C\u00f3rdoba, Veracruz. (Reporte272).- Una persona result\u00f3 lesionado luego del choque entre un motociclista y una camioneta pick up Nissan de batea\u00a0en pleno centro de la ciudad de C\u00f3rdoba luego de que se pasar\u00e1n el alto. Los hechos se registraron en Avenida 2 y Calle 6 cuando la pick up en color blanco con placas de [&hellip;]<\/p>\n","protected":false},"author":2,"featured_media":4935,"comment_status":"open","ping_status":"open","sticky":false,"template":"","format":"standard","meta":{"rop_custom_images_group":[],"rop_custom_messages_group":[],"rop_publish_now":"initial","rop_publish_now_accounts":{"facebook_2001103103558832_108675811699976":""},"rop_publish_now_history":[],"rop_publish_now_status":"pending","footnotes":""},"categories":[9],"tags":[],"class_list":["post-4934","post","type-post","status-publish","format-standard","has-post-thumbnail","hentry","category-policiaca"],"_links":{"self":[{"href":"https:\/\/reporte272.com\/portal\/wp-json\/wp\/v2\/posts\/4934","targetHints":{"allow":["GET"]}}],"collection":[{"href":"https:\/\/reporte272.com\/portal\/wp-json\/wp\/v2\/posts"}],"about":[{"href":"https:\/\/reporte272.com\/portal\/wp-json\/wp\/v2\/types\/post"}],"author":[{"embeddable":true,"href":"https:\/\/reporte272.com\/portal\/wp-json\/wp\/v2\/users\/2"}],"replies":[{"embeddable":true,"href":"https:\/\/reporte272.com\/portal\/wp-json\/wp\/v2\/comments?post=4934"}],"version-history":[{"count":1,"href":"https:\/\/reporte272.com\/portal\/wp-json\/wp\/v2\/posts\/4934\/revisions"}],"predecessor-version":[{"id":4936,"href":"https:\/\/reporte272.com\/portal\/wp-json\/wp\/v2\/posts\/4934\/revisions\/4936"}],"wp:featuredmedia":[{"embeddable":true,"href":"https:\/\/reporte272.com\/portal\/wp-json\/wp\/v2\/media\/4935"}],"wp:attachment":[{"href":"https:\/\/reporte272.com\/portal\/wp-json\/wp\/v2\/media?parent=4934"}],"wp:term":[{"taxonomy":"category","embeddable":true,"href":"https:\/\/reporte272.com\/portal\/wp-json\/wp\/v2\/categories?post=4934"},{"taxonomy":"post_tag","embeddable":true,"href":"https:\/\/reporte272.com\/portal\/wp-json\/wp\/v2\/tags?post=4934"}],"curies":[{"name":"wp","href":"https:\/\/api.w.org\/{rel}","templated":true}]}}