{"id":4941,"date":"2025-04-22T20:30:24","date_gmt":"2025-04-22T20:30:24","guid":{"rendered":"https:\/\/reporte272.com\/portal\/?p=4941"},"modified":"2025-04-22T20:30:25","modified_gmt":"2025-04-22T20:30:25","slug":"repican-campanas-en-la-diocesis-de-orizaba-en-senal-de-duelo","status":"publish","type":"post","link":"https:\/\/reporte272.com\/portal\/repican-campanas-en-la-diocesis-de-orizaba-en-senal-de-duelo\/","title":{"rendered":"Repican campanas en la Di\u00f3cesis de Orizaba en se\u00f1al de duelo"},"content":{"rendered":"\n<p class=\"wp-block-paragraph\">**La Diocesis est\u00e1 conformada por 48 parroquias y siete rector\u00edas.<\/p>\n\n\n\n<p class=\"wp-block-paragraph\"><strong>Orizaba, Ver. (Reporte272 \/ Ixio Loaiza).- <\/strong>En punto de las 12:00 horas de este lunes las campanas de las diferentes parroquias e iglesias que conforman la Di\u00f3cesis de Orizaba repicaron en se\u00f1al de duelo por la partida del Papa Francisco, as\u00ed inform\u00f3 el coordinador de la pastoral de Comunicaci\u00f3n Social de la Di\u00f3cesis de Orizaba, Javier Yael Cebada Tejeda<\/p>\n\n\n\n<p class=\"wp-block-paragraph\"><br>De esta manera la iglesia diocesana se une en oraci\u00f3n por el eterno descanso del Papa Francisco adem\u00e1s de que en la celebraci\u00f3n eucar\u00edstica se omitir\u00e1 el nombre del Papa debido a que ya es difunto y se pasar\u00e1 directamente a pedir por el jerarca de la di\u00f3cesis de Orizaba en turno, en este caso de Monse\u00f1or Eduardo Cervantes Merino.<\/p>\n\n\n\n<p class=\"wp-block-paragraph\">Lo anterior acorde a los funerales que desde el Vaticano se organizan para el Papa Francisco el cual se caracteriz\u00f3 por ser cercano a la gente y cuya sencillez le permiti\u00f3 llegar a m\u00e1s corazones.<\/p>\n\n\n\n<p class=\"wp-block-paragraph\">El presb\u00edtero a\u00f1adi\u00f3 que todos los textos que se estar\u00e1n compartiendo en la misa, son textos bellos porque hablan de la resurrecci\u00f3n ya que la Octava Pascua dura 8 d\u00edas, la fiesta y al mismo tiempo la iglesia est\u00e1 contenta y agradecida con Dios que en su infinita bondad y misericordia como a todos nos habr\u00e1 de llamar en su presencia Dios haya querido llamar al Papa Francisco en el d\u00eda de la resurrecci\u00f3n.<\/p>\n\n\n\n<p class=\"wp-block-paragraph\">Cabe mencionar que, ante la muerte del Papa una vez que se hacen los funerales en Roma, las di\u00f3cesis o catedrales y las iglesias del mundo entero estar\u00e1n realizando una misa exequial por el Papa, pero no antes de lo que Roma va a realizar y que ya est\u00e1 organizando en un margen de 4 a 8 d\u00edas.<\/p>\n\n\n\n<p class=\"wp-block-paragraph\">En Atzacan el gallo se les durmi\u00f3 y las campanas repicaron hasta las 12:18 horas<\/p>\n\n\n\n<p class=\"wp-block-paragraph\">En R\u00edo Blanco <\/p>\n\n\n\n<p class=\"wp-block-paragraph\"><\/p>\n","protected":false},"excerpt":{"rendered":"<p>**La Diocesis est\u00e1 conformada por 48 parroquias y siete rector\u00edas. Orizaba, Ver. (Reporte272 \/ Ixio Loaiza).- En punto de las 12:00 horas de este lunes las campanas de las diferentes parroquias e iglesias que conforman la Di\u00f3cesis de Orizaba repicaron en se\u00f1al de duelo por la partida del Papa Francisco, as\u00ed inform\u00f3 el coordinador de [&hellip;]<\/p>\n","protected":false},"author":2,"featured_media":4942,"comment_status":"open","ping_status":"open","sticky":false,"template":"","format":"standard","meta":{"rop_custom_images_group":[],"rop_custom_messages_group":[],"rop_publish_now":"initial","rop_publish_now_accounts":{"facebook_2001103103558832_108675811699976":""},"rop_publish_now_history":[],"rop_publish_now_status":"pending","footnotes":""},"categories":[5,10],"tags":[],"class_list":["post-4941","post","type-post","status-publish","format-standard","has-post-thumbnail","hentry","category-local","category-portada"],"_links":{"self":[{"href":"https:\/\/reporte272.com\/portal\/wp-json\/wp\/v2\/posts\/4941","targetHints":{"allow":["GET"]}}],"collection":[{"href":"https:\/\/reporte272.com\/portal\/wp-json\/wp\/v2\/posts"}],"about":[{"href":"https:\/\/reporte272.com\/portal\/wp-json\/wp\/v2\/types\/post"}],"author":[{"embeddable":true,"href":"https:\/\/reporte272.com\/portal\/wp-json\/wp\/v2\/users\/2"}],"replies":[{"embeddable":true,"href":"https:\/\/reporte272.com\/portal\/wp-json\/wp\/v2\/comments?post=4941"}],"version-history":[{"count":1,"href":"https:\/\/reporte272.com\/portal\/wp-json\/wp\/v2\/posts\/4941\/revisions"}],"predecessor-version":[{"id":4943,"href":"https:\/\/reporte272.com\/portal\/wp-json\/wp\/v2\/posts\/4941\/revisions\/4943"}],"wp:featuredmedia":[{"embeddable":true,"href":"https:\/\/reporte272.com\/portal\/wp-json\/wp\/v2\/media\/4942"}],"wp:attachment":[{"href":"https:\/\/reporte272.com\/portal\/wp-json\/wp\/v2\/media?parent=4941"}],"wp:term":[{"taxonomy":"category","embeddable":true,"href":"https:\/\/reporte272.com\/portal\/wp-json\/wp\/v2\/categories?post=4941"},{"taxonomy":"post_tag","embeddable":true,"href":"https:\/\/reporte272.com\/portal\/wp-json\/wp\/v2\/tags?post=4941"}],"curies":[{"name":"wp","href":"https:\/\/api.w.org\/{rel}","templated":true}]}}