{"id":4944,"date":"2025-04-22T20:34:36","date_gmt":"2025-04-22T20:34:36","guid":{"rendered":"https:\/\/reporte272.com\/portal\/?p=4944"},"modified":"2025-04-22T20:34:37","modified_gmt":"2025-04-22T20:34:37","slug":"se-incendia-vivienda-en-orizaba","status":"publish","type":"post","link":"https:\/\/reporte272.com\/portal\/se-incendia-vivienda-en-orizaba\/","title":{"rendered":"Se incendia vivienda, en Orizaba"},"content":{"rendered":"\n<p class=\"wp-block-paragraph\">**No se reportaron lesionados ni intoxicados<\/p>\n\n\n\n<p class=\"wp-block-paragraph\"><strong>Orizaba, Ver. (Reporte272).- <\/strong>Un incendio se registr\u00f3 la ma\u00f1ana de este martes en una vivienda ubicada en la privada de norte 3 en el municipio de Orizaba, misma que gener\u00f3 la movilizaci\u00f3n de cuerpos de emergencia y polic\u00eda municipal; no se reportaron personas lesionadas ni intoxicadas \u00fanicamente da\u00f1os materiales.<\/p>\n\n\n\n<p class=\"wp-block-paragraph\">Los hechos se suscitaron alrededor de las 11:20 de la ma\u00f1ana de este martes presuntamente por un corto circuito provocando la evacuaci\u00f3n inmediata de adultos mayores que se encontraba en el domicilio ubicado en privada de Norte 3 entre Poniente 22 y 24 de la Colonia Centro, as\u00ed como a las familias de las viviendas de los alrededores.<\/p>\n\n\n\n<p class=\"wp-block-paragraph\">Al sitio llegaron oportunamente preventivos de la Polic\u00eda Municipal, asi como param\u00e9dicos de Protecci\u00f3n Civil y Bomberos de la Estaci\u00f3n 119 de Orizaba, los cuales de manera coordinada controlaron, sofocaron y liquidaron al cien por ciento el incendio que calcinaba la sala- comedor del domicilio particular.<\/p>\n\n\n\n<p class=\"wp-block-paragraph\">Por fortuna, las autoridades no reportaron personas lesionadas o intoxicadas debido a que evacuaron con prontitud a las familias as\u00ed como a adultos mayores.<\/p>\n\n\n\n<p class=\"wp-block-paragraph\">Una vez controlada la emergencia, los tragahumos enfriaron la zona siniestrada y realizaron la remoci\u00f3n de escombros para prevenir cualquier tipo de reactivaci\u00f3n del fuego, mientras que el personal del ayuntamiento de Orizaba realiz\u00f3 el retiro de los muebles calcinados.<\/p>\n\n\n\n<p class=\"wp-block-paragraph\"><\/p>\n","protected":false},"excerpt":{"rendered":"<p>**No se reportaron lesionados ni intoxicados Orizaba, Ver. (Reporte272).- Un incendio se registr\u00f3 la ma\u00f1ana de este martes en una vivienda ubicada en la privada de norte 3 en el municipio de Orizaba, misma que gener\u00f3 la movilizaci\u00f3n de cuerpos de emergencia y polic\u00eda municipal; no se reportaron personas lesionadas ni intoxicadas \u00fanicamente da\u00f1os materiales. [&hellip;]<\/p>\n","protected":false},"author":2,"featured_media":4945,"comment_status":"open","ping_status":"open","sticky":false,"template":"","format":"standard","meta":{"rop_custom_images_group":[],"rop_custom_messages_group":[],"rop_publish_now":"initial","rop_publish_now_accounts":{"facebook_2001103103558832_108675811699976":""},"rop_publish_now_history":[],"rop_publish_now_status":"pending","footnotes":""},"categories":[9],"tags":[],"class_list":["post-4944","post","type-post","status-publish","format-standard","has-post-thumbnail","hentry","category-policiaca"],"_links":{"self":[{"href":"https:\/\/reporte272.com\/portal\/wp-json\/wp\/v2\/posts\/4944","targetHints":{"allow":["GET"]}}],"collection":[{"href":"https:\/\/reporte272.com\/portal\/wp-json\/wp\/v2\/posts"}],"about":[{"href":"https:\/\/reporte272.com\/portal\/wp-json\/wp\/v2\/types\/post"}],"author":[{"embeddable":true,"href":"https:\/\/reporte272.com\/portal\/wp-json\/wp\/v2\/users\/2"}],"replies":[{"embeddable":true,"href":"https:\/\/reporte272.com\/portal\/wp-json\/wp\/v2\/comments?post=4944"}],"version-history":[{"count":1,"href":"https:\/\/reporte272.com\/portal\/wp-json\/wp\/v2\/posts\/4944\/revisions"}],"predecessor-version":[{"id":4946,"href":"https:\/\/reporte272.com\/portal\/wp-json\/wp\/v2\/posts\/4944\/revisions\/4946"}],"wp:featuredmedia":[{"embeddable":true,"href":"https:\/\/reporte272.com\/portal\/wp-json\/wp\/v2\/media\/4945"}],"wp:attachment":[{"href":"https:\/\/reporte272.com\/portal\/wp-json\/wp\/v2\/media?parent=4944"}],"wp:term":[{"taxonomy":"category","embeddable":true,"href":"https:\/\/reporte272.com\/portal\/wp-json\/wp\/v2\/categories?post=4944"},{"taxonomy":"post_tag","embeddable":true,"href":"https:\/\/reporte272.com\/portal\/wp-json\/wp\/v2\/tags?post=4944"}],"curies":[{"name":"wp","href":"https:\/\/api.w.org\/{rel}","templated":true}]}}