{"id":4953,"date":"2025-04-22T22:38:50","date_gmt":"2025-04-22T22:38:50","guid":{"rendered":"https:\/\/reporte272.com\/portal\/?p=4953"},"modified":"2025-04-22T22:38:51","modified_gmt":"2025-04-22T22:38:51","slug":"carambola-en-la-autopista-orizaba-cordoba","status":"publish","type":"post","link":"https:\/\/reporte272.com\/portal\/carambola-en-la-autopista-orizaba-cordoba\/","title":{"rendered":"Carambola en la Autopista Orizaba-C\u00f3rdoba"},"content":{"rendered":"\n<p class=\"wp-block-paragraph\"><strong>Ixtaczoquitl\u00e1n, Ver. (Reporte272 \/ Ixio Loaiza).-<\/strong> Da\u00f1os materiales asi como la movilizaci\u00f3n de cuerpos policiales y el cierre parcial de la circulaci\u00f3n vehicular de la Autopista 150D Orizaba- C\u00f3rdoba, fue el saldo que dej\u00f3 una carambola de tres unidades a la altura de la Localidad La Joyita, del municipio de Ixtaczoquitl\u00e1n.<\/p>\n\n\n\n<p class=\"wp-block-paragraph\">Se informo que el choque por alcance m\u00faltiple se present\u00f3 alrededor de las 13 horas de este martes en el kil\u00f3metro 280 del tramo carretero Ixtaczoquitl\u00e1n- Fort\u00edn, con direcci\u00f3n al Puerto de Veracruz.<\/p>\n\n\n\n<p class=\"wp-block-paragraph\">En el mismo particip\u00f3 un cami\u00f3n de carga marca Dodge de color azul, con raz\u00f3n social &#8220;Don Chava&#8221; y con placas de circulaci\u00f3n: 765DD3 del Estado de Veracruz; una camioneta marca Ford F350 de color blanco, con n\u00famero econ\u00f3mico 578, con raz\u00f3n social &#8220;Gas Altiplano&#8221;, cargada con varios cilindros con gas LP y una camioneta familiar marca Hyundai Creta de color gris plata.<\/p>\n\n\n\n<p class=\"wp-block-paragraph\">Al sitio llegaron gendarmes de la Guardia Nacional divisi\u00f3n Carreteras, asi como par\u00e1medicos de Capufe, quienes tomaron conocimiento y confirmaron que no hab\u00eda personas lesionadas s\u00f3lo da\u00f1os materiales cuantiosos y el cierre parcial de la circulaci\u00f3n vehicular.<\/p>\n\n\n\n<p class=\"wp-block-paragraph\">Fue el personal de gr\u00faas quien realiz\u00f3 el retiro de las unidades accidentadas para el deslinde de causalidades.<\/p>\n","protected":false},"excerpt":{"rendered":"<p>Ixtaczoquitl\u00e1n, Ver. (Reporte272 \/ Ixio Loaiza).- Da\u00f1os materiales asi como la movilizaci\u00f3n de cuerpos policiales y el cierre parcial de la circulaci\u00f3n vehicular de la Autopista 150D Orizaba- C\u00f3rdoba, fue el saldo que dej\u00f3 una carambola de tres unidades a la altura de la Localidad La Joyita, del municipio de Ixtaczoquitl\u00e1n. Se informo que el [&hellip;]<\/p>\n","protected":false},"author":2,"featured_media":4954,"comment_status":"open","ping_status":"open","sticky":false,"template":"","format":"standard","meta":{"rop_custom_images_group":[],"rop_custom_messages_group":[],"rop_publish_now":"initial","rop_publish_now_accounts":{"facebook_2001103103558832_108675811699976":""},"rop_publish_now_history":[],"rop_publish_now_status":"pending","footnotes":""},"categories":[9],"tags":[],"class_list":["post-4953","post","type-post","status-publish","format-standard","has-post-thumbnail","hentry","category-policiaca"],"_links":{"self":[{"href":"https:\/\/reporte272.com\/portal\/wp-json\/wp\/v2\/posts\/4953","targetHints":{"allow":["GET"]}}],"collection":[{"href":"https:\/\/reporte272.com\/portal\/wp-json\/wp\/v2\/posts"}],"about":[{"href":"https:\/\/reporte272.com\/portal\/wp-json\/wp\/v2\/types\/post"}],"author":[{"embeddable":true,"href":"https:\/\/reporte272.com\/portal\/wp-json\/wp\/v2\/users\/2"}],"replies":[{"embeddable":true,"href":"https:\/\/reporte272.com\/portal\/wp-json\/wp\/v2\/comments?post=4953"}],"version-history":[{"count":1,"href":"https:\/\/reporte272.com\/portal\/wp-json\/wp\/v2\/posts\/4953\/revisions"}],"predecessor-version":[{"id":4955,"href":"https:\/\/reporte272.com\/portal\/wp-json\/wp\/v2\/posts\/4953\/revisions\/4955"}],"wp:featuredmedia":[{"embeddable":true,"href":"https:\/\/reporte272.com\/portal\/wp-json\/wp\/v2\/media\/4954"}],"wp:attachment":[{"href":"https:\/\/reporte272.com\/portal\/wp-json\/wp\/v2\/media?parent=4953"}],"wp:term":[{"taxonomy":"category","embeddable":true,"href":"https:\/\/reporte272.com\/portal\/wp-json\/wp\/v2\/categories?post=4953"},{"taxonomy":"post_tag","embeddable":true,"href":"https:\/\/reporte272.com\/portal\/wp-json\/wp\/v2\/tags?post=4953"}],"curies":[{"name":"wp","href":"https:\/\/api.w.org\/{rel}","templated":true}]}}