{"id":4956,"date":"2025-04-22T22:44:09","date_gmt":"2025-04-22T22:44:09","guid":{"rendered":"https:\/\/reporte272.com\/portal\/?p=4956"},"modified":"2025-04-22T22:44:10","modified_gmt":"2025-04-22T22:44:10","slug":"alrededor-de-27-obras-se-ejecutaran-este-2025-en-rafael-delgado","status":"publish","type":"post","link":"https:\/\/reporte272.com\/portal\/alrededor-de-27-obras-se-ejecutaran-este-2025-en-rafael-delgado\/","title":{"rendered":"Alrededor de 27 obras se ejecutar\u00e1n este 2025, en Rafael Delgado."},"content":{"rendered":"\n<p class=\"wp-block-paragraph\">*Este martes 22 de abril arrancaron 3 obras.<\/p>\n\n\n\n<p class=\"wp-block-paragraph\"><strong>Rafael Delgado, Ver.- <\/strong>Mediante un recorrido por el municipio, la alcaldesa de Rafael Delgado Alejandra Enr\u00edquez Ortiz, supervis\u00f3 en d\u00edas pasados, los puntos en donde se han proyectado 27 obras a ejecutarse este a\u00f1o 2025, siempre y cuando no haya afectaciones por las temporadas de lluvia, de las cuales este martes arrancaron los trabajos de 3 pavimentaciones con concreto hidr\u00e1ulico.<\/p>\n\n\n\n<p class=\"wp-block-paragraph\">El primer banderazo se dio en la Avenida Ignacio Allende esquina con Calle L\u00e1zaro C\u00e1rdenas, de la localidad Jalapilla, v\u00eda que se estar\u00e1 pavimentando con concreto hidr\u00e1ulico, adem\u00e1s de guarniciones y banquetas.<\/p>\n\n\n\n<p class=\"wp-block-paragraph\">Posteriormente la alcaldesa y su equipo de trabajo se trasladaron a la localidad de Xalapa (Shalapa), para dar el segundo banderazo consistente en la pavimentaci\u00f3n con concreto hidr\u00e1ulico de la Calle Rafael Guzm\u00e1n, a la altura de la avenida Epigmenio Ram\u00edrez, una de las arterias principales.<\/p>\n\n\n\n<p class=\"wp-block-paragraph\">Finalmente, en la Calle Josefa Ortiz de la localidad Novillero, dio el tercer banderazo consistente en la pavimentaci\u00f3n tambi\u00e9n con concreto hidr\u00e1ulico, de dicha arteria.<\/p>\n\n\n\n<p class=\"wp-block-paragraph\">El total de obras que se estar\u00e1n realizando fueron acordadas entre autoridades y pobladores, y se trata de las siguientes:<\/p>\n\n\n\n<ul class=\"wp-block-list\">\n<li>La rehabilitaci\u00f3n de carretera con concreto hidr\u00e1ulico (camino rural en localidad del Ahuehuete.<\/li>\n\n\n\n<li>Rehabilitaci\u00f3n de pavimentaci\u00f3n con concreto hidr\u00e1ulico en Calle \u00c1ngel Montero, entre Av. Carolino Anaya y Av. San Jos\u00e9.<\/li>\n\n\n\n<li>Rehabilitaci\u00f3n de pavimentaci\u00f3n con concreto hidr\u00e1ulico en Calle Aquiles Serd\u00e1n entre Av. L\u00e1zaro C\u00e1rdenas y Vicente Guerrero.<\/li>\n\n\n\n<li>Rehabilitaci\u00f3n de pavimentaci\u00f3n con concreto hidr\u00e1ulico en Unidad Habitacional Hacienda en calles La Granja, Herradura y Jaripeos.<\/li>\n\n\n\n<li>Rehabilitaci\u00f3n de guarniciones y banquetas en Av. Francisco Villa entre Av. Benito Ju\u00e1rez y Calle \u00darsulo Galv\u00e1n.<\/li>\n\n\n\n<li>Rehabilitaci\u00f3n de pavimentaci\u00f3n con concreto hidr\u00e1ulico en Av. L\u00e1zaro C\u00e1rdenas entre Calle \u00darsulo Galv\u00e1n y Aquiles Serd\u00e1n, en Jalapilla.<\/li>\n\n\n\n<li>Rehabilitaci\u00f3n de guarniciones y banquetas en Calle \u00c1ngel Montero, entre Av. San Jos\u00e9 y Fco. Villa.<\/li>\n\n\n\n<li>Rehabilitaci\u00f3n de pavimentaci\u00f3n con concreto hidr\u00e1ulico en Privada de Calle 7 y Calle 9, Cuarto Barrio, de la cabecera municipal.<\/li>\n\n\n\n<li>Rehabilitaci\u00f3n de guarniciones y banquetas en Av. San Jos\u00e9 entre Calle Paredones y Leona Vicario.<\/li>\n\n\n\n<li>Rehabilitaci\u00f3n de pavimentaci\u00f3n con concreto hidr\u00e1ulico en Calle Ignacio Allende rumbo a la gasolinera.<\/li>\n\n\n\n<li>Rehabilitaci\u00f3n de carretera con concreto hidr\u00e1ulico (camino rural) en Calle Doroteo Arango.<\/li>\n\n\n\n<li>Rehabilitaci\u00f3n de pavimentaci\u00f3n con concreto hidr\u00e1ulico en Calle Josefa Ortiz de Dom\u00ednguez.<\/li>\n\n\n\n<li>Rehabilitaci\u00f3n de carretera con concreto hidr\u00e1ulico (camino rural) en Camino Carrizales.<\/li>\n\n\n\n<li>Construcci\u00f3n de guarniciones y banquetas en Col. La Luz.<\/li>\n\n\n\n<li>Construcci\u00f3n de guarniciones y banquetas en Av. San Jos\u00e9, Tercera Etapa, Jalapilla.<\/li>\n\n\n\n<li>Rehabilitaci\u00f3n de pavimentaci\u00f3n con concreto hidr\u00e1ulico en Calle de la Capilla en Xalapa (Shalapa).<\/li>\n\n\n\n<li>Rehabilitaci\u00f3n de pavimentaci\u00f3n con concreto hidr\u00e1ulico en Calle S entre Calle 2 y Calle 8A, un costado del auditorio.<\/li>\n\n\n\n<li>Construcci\u00f3n de pavimentaci\u00f3n con concreto hidr\u00e1ulico en Privada de Av. 2 frente a Banco Bienestar, de la cabecera municipal.<\/li>\n\n\n\n<li>Construcci\u00f3n de pavimentaci\u00f3n con concreto hidr\u00e1ulico en Privada de Av. 29 en Quinto Barrio.<\/li>\n\n\n\n<li>Construcci\u00f3n de cuartos dormitorio en la localidad de Rafael Delgado 2025.<\/li>\n\n\n\n<li>Ampliaci\u00f3n de la red de electrificaci\u00f3n en Privada de San Miguel.<\/li>\n\n\n\n<li>Ampliaci\u00f3n de la red de electrificaci\u00f3n en Calle sin nombre, rumbo a Tonalixco, Quinto Barrio.<\/li>\n\n\n\n<li>Rehabilitaci\u00f3n de red de drenaje sanitario en Las Sirenas, segunda etapa<\/li>\n\n\n\n<li>Construci\u00f3n de drenaje pluvial en Tzoncolco.<\/li>\n\n\n\n<li>Rehabilitaci\u00f3n de carretera con concreto hidr\u00e1ulico ( camino rural ) en Tzoncolco.<\/li>\n<\/ul>\n\n\n\n<p class=\"wp-block-paragraph\">Una de las obras de alto impacto debido a que viene a mejorar notablemente el desarrollo del municipio, es la construcci\u00f3n de la Primera Etapa del Mercado de la localidad de Jalapilla.<\/p>\n\n\n\n<p class=\"wp-block-paragraph\">Adem\u00e1s de un apoyo social consistente en la construcci\u00f3n de guarniciones y banquetas en la colonia La Vidriera, dado que la atenci\u00f3n de parte de la autoridad local es por igual para todos.<\/p>\n\n\n\n<p class=\"wp-block-paragraph\">Pese al recorte presupuestal realizado este a\u00f1o, la alcaldesa Alejandra Enr\u00edquez Ortiz se comprometi\u00f3 a continuar trabajando con el mismo ritmo hasta el \u00faltimo d\u00eda de su administraci\u00f3n.<\/p>\n","protected":false},"excerpt":{"rendered":"<p>*Este martes 22 de abril arrancaron 3 obras. Rafael Delgado, Ver.- Mediante un recorrido por el municipio, la alcaldesa de Rafael Delgado Alejandra Enr\u00edquez Ortiz, supervis\u00f3 en d\u00edas pasados, los puntos en donde se han proyectado 27 obras a ejecutarse este a\u00f1o 2025, siempre y cuando no haya afectaciones por las temporadas de lluvia, de [&hellip;]<\/p>\n","protected":false},"author":2,"featured_media":4957,"comment_status":"open","ping_status":"open","sticky":false,"template":"","format":"standard","meta":{"rop_custom_images_group":[],"rop_custom_messages_group":[],"rop_publish_now":"initial","rop_publish_now_accounts":{"facebook_2001103103558832_108675811699976":""},"rop_publish_now_history":[],"rop_publish_now_status":"pending","footnotes":""},"categories":[5],"tags":[],"class_list":["post-4956","post","type-post","status-publish","format-standard","has-post-thumbnail","hentry","category-local"],"_links":{"self":[{"href":"https:\/\/reporte272.com\/portal\/wp-json\/wp\/v2\/posts\/4956","targetHints":{"allow":["GET"]}}],"collection":[{"href":"https:\/\/reporte272.com\/portal\/wp-json\/wp\/v2\/posts"}],"about":[{"href":"https:\/\/reporte272.com\/portal\/wp-json\/wp\/v2\/types\/post"}],"author":[{"embeddable":true,"href":"https:\/\/reporte272.com\/portal\/wp-json\/wp\/v2\/users\/2"}],"replies":[{"embeddable":true,"href":"https:\/\/reporte272.com\/portal\/wp-json\/wp\/v2\/comments?post=4956"}],"version-history":[{"count":1,"href":"https:\/\/reporte272.com\/portal\/wp-json\/wp\/v2\/posts\/4956\/revisions"}],"predecessor-version":[{"id":4958,"href":"https:\/\/reporte272.com\/portal\/wp-json\/wp\/v2\/posts\/4956\/revisions\/4958"}],"wp:featuredmedia":[{"embeddable":true,"href":"https:\/\/reporte272.com\/portal\/wp-json\/wp\/v2\/media\/4957"}],"wp:attachment":[{"href":"https:\/\/reporte272.com\/portal\/wp-json\/wp\/v2\/media?parent=4956"}],"wp:term":[{"taxonomy":"category","embeddable":true,"href":"https:\/\/reporte272.com\/portal\/wp-json\/wp\/v2\/categories?post=4956"},{"taxonomy":"post_tag","embeddable":true,"href":"https:\/\/reporte272.com\/portal\/wp-json\/wp\/v2\/tags?post=4956"}],"curies":[{"name":"wp","href":"https:\/\/api.w.org\/{rel}","templated":true}]}}