{"id":4959,"date":"2025-04-22T22:49:06","date_gmt":"2025-04-22T22:49:06","guid":{"rendered":"https:\/\/reporte272.com\/portal\/?p=4959"},"modified":"2025-04-22T22:49:07","modified_gmt":"2025-04-22T22:49:07","slug":"manuel-alonso-y-morena-encabezan-las-preferencias-en-cordoba","status":"publish","type":"post","link":"https:\/\/reporte272.com\/portal\/manuel-alonso-y-morena-encabezan-las-preferencias-en-cordoba\/","title":{"rendered":"Manuel Alonso y Morena encabezan las preferencias en C\u00f3rdoba"},"content":{"rendered":"\n<p class=\"wp-block-paragraph\"><strong>C\u00f3rdoba, Ver.,<\/strong> 21 de abril de 2025.\u2013 El arranque del proceso electoral en C\u00f3rdoba se dar\u00e1 con una tendencia clara: la ciudadan\u00eda muestra una inclinaci\u00f3n marcada por la continuidad del proyecto de transformaci\u00f3n. As\u00ed lo confirma un reciente estudio de opini\u00f3n p\u00fablica que posiciona a Manuel Alonso con una ventaja significativa de cara a la contienda por la presidencia municipal.<\/p>\n\n\n\n<p class=\"wp-block-paragraph\">Levantado entre el 12 y el 14 de abril, el ejercicio demosc\u00f3pico muestra que el abanderado de Morena obtiene el 50% del voto efectivo, superando ampliamente a sus posibles contrincantes: 21% para el PAN, 18% para Movimiento Ciudadano, 7% para el PT y 4% para el PRI.<\/p>\n\n\n\n<p class=\"wp-block-paragraph\">La encuesta, realizada por Votia, firma que tambi\u00e9n midi\u00f3 la elecci\u00f3n presidencial pasada y la percepci\u00f3n ciudadana sobre el desempe\u00f1o de la presidenta Claudia Sheinbaum, fue aplicada cara a cara en viviendas del municipio, con representatividad municipal y un margen de error de \u00b14.0%, a trav\u00e9s de 600 entrevistas distribuidas en diversas secciones electorales.<\/p>\n\n\n\n<p class=\"wp-block-paragraph\">De acuerdo con especialistas en an\u00e1lisis electoral, esta ventaja responde a tres factores clave: el alto nivel de conocimiento que tiene la ciudadan\u00eda sobre Manuel Alonso, una imagen coherente con los principios del obradorismo y un trabajo constante en territorio, cercano a la gente.<\/p>\n\n\n\n<p class=\"wp-block-paragraph\">El estudio tambi\u00e9n arroja datos relevantes sobre el contexto pol\u00edtico local: la mayor\u00eda de las y los cordobeses eval\u00faa positivamente a los gobiernos de Andr\u00e9s Manuel L\u00f3pez Obrador, Claudia Sheinbaum y Roc\u00edo Nahle, adem\u00e1s de que la identidad con Morena es alta en la regi\u00f3n, lo que robustece la expectativa de continuidad en el \u00e1mbito municipal.<\/p>\n\n\n\n<p class=\"wp-block-paragraph\">Este an\u00e1lisis forma parte del seguimiento al clima pol\u00edtico local y se presenta en apego a la normatividad vigente. Cabe recordar que la \u00fanica autoridad facultada para validar y difundir resultados oficiales es el \u00f3rgano electoral correspondiente.<\/p>\n","protected":false},"excerpt":{"rendered":"<p>C\u00f3rdoba, Ver., 21 de abril de 2025.\u2013 El arranque del proceso electoral en C\u00f3rdoba se dar\u00e1 con una tendencia clara: la ciudadan\u00eda muestra una inclinaci\u00f3n marcada por la continuidad del proyecto de transformaci\u00f3n. As\u00ed lo confirma un reciente estudio de opini\u00f3n p\u00fablica que posiciona a Manuel Alonso con una ventaja significativa de cara a la [&hellip;]<\/p>\n","protected":false},"author":2,"featured_media":4960,"comment_status":"open","ping_status":"open","sticky":false,"template":"","format":"standard","meta":{"rop_custom_images_group":[],"rop_custom_messages_group":[],"rop_publish_now":"initial","rop_publish_now_accounts":{"facebook_2001103103558832_108675811699976":""},"rop_publish_now_history":[],"rop_publish_now_status":"pending","footnotes":""},"categories":[6],"tags":[],"class_list":["post-4959","post","type-post","status-publish","format-standard","has-post-thumbnail","hentry","category-estatal"],"_links":{"self":[{"href":"https:\/\/reporte272.com\/portal\/wp-json\/wp\/v2\/posts\/4959","targetHints":{"allow":["GET"]}}],"collection":[{"href":"https:\/\/reporte272.com\/portal\/wp-json\/wp\/v2\/posts"}],"about":[{"href":"https:\/\/reporte272.com\/portal\/wp-json\/wp\/v2\/types\/post"}],"author":[{"embeddable":true,"href":"https:\/\/reporte272.com\/portal\/wp-json\/wp\/v2\/users\/2"}],"replies":[{"embeddable":true,"href":"https:\/\/reporte272.com\/portal\/wp-json\/wp\/v2\/comments?post=4959"}],"version-history":[{"count":1,"href":"https:\/\/reporte272.com\/portal\/wp-json\/wp\/v2\/posts\/4959\/revisions"}],"predecessor-version":[{"id":4961,"href":"https:\/\/reporte272.com\/portal\/wp-json\/wp\/v2\/posts\/4959\/revisions\/4961"}],"wp:featuredmedia":[{"embeddable":true,"href":"https:\/\/reporte272.com\/portal\/wp-json\/wp\/v2\/media\/4960"}],"wp:attachment":[{"href":"https:\/\/reporte272.com\/portal\/wp-json\/wp\/v2\/media?parent=4959"}],"wp:term":[{"taxonomy":"category","embeddable":true,"href":"https:\/\/reporte272.com\/portal\/wp-json\/wp\/v2\/categories?post=4959"},{"taxonomy":"post_tag","embeddable":true,"href":"https:\/\/reporte272.com\/portal\/wp-json\/wp\/v2\/tags?post=4959"}],"curies":[{"name":"wp","href":"https:\/\/api.w.org\/{rel}","templated":true}]}}