{"id":4965,"date":"2025-04-24T05:52:45","date_gmt":"2025-04-24T05:52:45","guid":{"rendered":"https:\/\/reporte272.com\/portal\/?p=4965"},"modified":"2025-04-24T05:52:46","modified_gmt":"2025-04-24T05:52:46","slug":"menor-se-lesiona-accidentalmente-en-orizaba","status":"publish","type":"post","link":"https:\/\/reporte272.com\/portal\/menor-se-lesiona-accidentalmente-en-orizaba\/","title":{"rendered":"Menor se lesiona accidentalmente, en Orizaba"},"content":{"rendered":"\n<p class=\"wp-block-paragraph\"><strong>Orizaba, Veracruz. (Reporte272). &#8211;<\/strong> Una inmedita movilizaci\u00f3n de elementos de la Polic\u00eda Local y de param\u00e9dicos de Protecci\u00f3n Civil Municipal se gener\u00f3 tras el accidente de un menor de edad con un arma punzocortante al interior de su vivienda asentada en la Colonia El Espinal, en Orizaba.<\/p>\n\n\n\n<p class=\"wp-block-paragraph\">De acuerdo al informe preliminar se conoci\u00f3 que durante la noche de ayer martes, una llamada a la linea de emergencias alert a las autoridades sobre la presencia de un menor lesionado por arma blanca al interior de un domicilio ubicado en la privada de Cerrada de 20 de Noviembre, de la colonia antes se\u00f1alada.<\/p>\n\n\n\n<p class=\"wp-block-paragraph\">R\u00e1pidamente, al sitio asentado a un costado del plantel educativo UNIVO y las instalaciones de la Delegaci\u00f3n Regional de la SEV, llegaron preventivos municipales y t\u00e9cnicos en urgencias m\u00e9dicas de PC, los cuales brindaron las primeras atenciones al peque\u00f1o de identidad resguardada que se lesion\u00f3 accidentalmente con un cuchillo y lo trasladaron a un nosocomio para su valoraci\u00f3n y atenci\u00f3n m\u00e9dica.<br>El lugar fue resguardado por las autoridades policiales, qui\u00e9nes tomaron conocimiento de lo sucedido y posteriormente se retiraron del lugar.<\/p>\n\n\n\n<p class=\"wp-block-paragraph\"><\/p>\n","protected":false},"excerpt":{"rendered":"<p>Orizaba, Veracruz. (Reporte272). &#8211; Una inmedita movilizaci\u00f3n de elementos de la Polic\u00eda Local y de param\u00e9dicos de Protecci\u00f3n Civil Municipal se gener\u00f3 tras el accidente de un menor de edad con un arma punzocortante al interior de su vivienda asentada en la Colonia El Espinal, en Orizaba. De acuerdo al informe preliminar se conoci\u00f3 que [&hellip;]<\/p>\n","protected":false},"author":2,"featured_media":4966,"comment_status":"open","ping_status":"open","sticky":false,"template":"","format":"standard","meta":{"rop_custom_images_group":[],"rop_custom_messages_group":[],"rop_publish_now":"initial","rop_publish_now_accounts":{"facebook_2001103103558832_108675811699976":""},"rop_publish_now_history":[],"rop_publish_now_status":"pending","footnotes":""},"categories":[9],"tags":[],"class_list":["post-4965","post","type-post","status-publish","format-standard","has-post-thumbnail","hentry","category-policiaca"],"_links":{"self":[{"href":"https:\/\/reporte272.com\/portal\/wp-json\/wp\/v2\/posts\/4965","targetHints":{"allow":["GET"]}}],"collection":[{"href":"https:\/\/reporte272.com\/portal\/wp-json\/wp\/v2\/posts"}],"about":[{"href":"https:\/\/reporte272.com\/portal\/wp-json\/wp\/v2\/types\/post"}],"author":[{"embeddable":true,"href":"https:\/\/reporte272.com\/portal\/wp-json\/wp\/v2\/users\/2"}],"replies":[{"embeddable":true,"href":"https:\/\/reporte272.com\/portal\/wp-json\/wp\/v2\/comments?post=4965"}],"version-history":[{"count":1,"href":"https:\/\/reporte272.com\/portal\/wp-json\/wp\/v2\/posts\/4965\/revisions"}],"predecessor-version":[{"id":4967,"href":"https:\/\/reporte272.com\/portal\/wp-json\/wp\/v2\/posts\/4965\/revisions\/4967"}],"wp:featuredmedia":[{"embeddable":true,"href":"https:\/\/reporte272.com\/portal\/wp-json\/wp\/v2\/media\/4966"}],"wp:attachment":[{"href":"https:\/\/reporte272.com\/portal\/wp-json\/wp\/v2\/media?parent=4965"}],"wp:term":[{"taxonomy":"category","embeddable":true,"href":"https:\/\/reporte272.com\/portal\/wp-json\/wp\/v2\/categories?post=4965"},{"taxonomy":"post_tag","embeddable":true,"href":"https:\/\/reporte272.com\/portal\/wp-json\/wp\/v2\/tags?post=4965"}],"curies":[{"name":"wp","href":"https:\/\/api.w.org\/{rel}","templated":true}]}}