{"id":4968,"date":"2025-04-24T06:11:29","date_gmt":"2025-04-24T06:11:29","guid":{"rendered":"https:\/\/reporte272.com\/portal\/?p=4968"},"modified":"2025-04-24T06:11:29","modified_gmt":"2025-04-24T06:11:29","slug":"zaira-fabiola-del-toro-nueva-titular-del-ivm","status":"publish","type":"post","link":"https:\/\/reporte272.com\/portal\/zaira-fabiola-del-toro-nueva-titular-del-ivm\/","title":{"rendered":"Zaira Fabiola del Toro nueva titular del IVM"},"content":{"rendered":"\n<p class=\"wp-block-paragraph\"><strong>Xalapa, Ver., martes 22 de abril de 2025.-<\/strong>&nbsp;En cumplimiento con la Ley 613 que crea el Instituto Veracruzano de las Mujeres (IVM), y tras un proceso transparente y democr\u00e1tico liderado por los consejos Consultivo y Social, la gobernadora Roc\u00edo Nahle Garc\u00eda, design\u00f3 a Zaira Fabiola del Toro Olivares como nueva Directora General.<\/p>\n\n\n\n<p class=\"wp-block-paragraph\">La decisi\u00f3n la tom\u00f3 luego de recibir formalmente la terna de candidatas que cumplieron con todos los requisitos legales establecidos, reconociendo el compromiso de los consejos para llevar a cabo este proceso con total imparcialidad.<\/p>\n\n\n\n<p class=\"wp-block-paragraph\">\u201cEstoy segura de que desempe\u00f1ar\u00e1 esta encomienda con compromiso, profesionalismo y responsabilidad, velando siempre por el respeto y promoci\u00f3n de los derechos humanos de las mujeres veracruzanas\u201d, afirm\u00f3.<\/p>\n\n\n\n<p class=\"wp-block-paragraph\">Del Toro cuenta con una s\u00f3lida trayectoria en la administraci\u00f3n p\u00fablica y la defensa de los derechos de las mujeres. Desde diciembre de 2024 fue encargada de la Direcci\u00f3n General del IVM, cargo al que ahora ha sido formalmente nombrada.&nbsp;<\/p>\n\n\n\n<p class=\"wp-block-paragraph\">Previamente, fue Directora del Instituto Municipal de las Mujeres de Xalapa de enero de 2022 a noviembre de 2024, y se desempe\u00f1\u00f3 como asesora en la Secretar\u00eda de Trabajo y Previsi\u00f3n Social entre marzo de 2021 y noviembre de 2022. Tambi\u00e9n fue Jefa de la Unidad de G\u00e9nero en la Secretar\u00eda de Turismo y Cultura de Veracruz de diciembre de 2018 a enero de 2021.<\/p>\n\n\n\n<p class=\"wp-block-paragraph\">Su experiencia ha sido reforzada por un amplio trabajo en formaci\u00f3n y sensibilizaci\u00f3n sobre temas de g\u00e9nero; entre las capacitaciones que ha impartido destacan talleres y conferencias sobre igualdad de g\u00e9nero, masculinidades positivas, hostigamiento y acoso sexual, as\u00ed como la Estrategia de Coordinaci\u00f3n Estatal Cero Tolerancia a la Violencia Contra las Mujeres y Ni\u00f1as en el Estado de Veracruz.<\/p>\n\n\n\n<p class=\"wp-block-paragraph\">El Gobierno del Estado reitera el compromiso con la igualdad sustantiva y el fortalecimiento institucional del IVM como pieza clave en la atenci\u00f3n, protecci\u00f3n y empoderamiento de las mujeres.<\/p>\n","protected":false},"excerpt":{"rendered":"<p>Xalapa, Ver., martes 22 de abril de 2025.-&nbsp;En cumplimiento con la Ley 613 que crea el Instituto Veracruzano de las Mujeres (IVM), y tras un proceso transparente y democr\u00e1tico liderado por los consejos Consultivo y Social, la gobernadora Roc\u00edo Nahle Garc\u00eda, design\u00f3 a Zaira Fabiola del Toro Olivares como nueva Directora General. La decisi\u00f3n la [&hellip;]<\/p>\n","protected":false},"author":2,"featured_media":4969,"comment_status":"open","ping_status":"open","sticky":false,"template":"","format":"standard","meta":{"rop_custom_images_group":[],"rop_custom_messages_group":[],"rop_publish_now":"initial","rop_publish_now_accounts":{"facebook_2001103103558832_108675811699976":""},"rop_publish_now_history":[],"rop_publish_now_status":"pending","footnotes":""},"categories":[6],"tags":[],"class_list":["post-4968","post","type-post","status-publish","format-standard","has-post-thumbnail","hentry","category-estatal"],"_links":{"self":[{"href":"https:\/\/reporte272.com\/portal\/wp-json\/wp\/v2\/posts\/4968","targetHints":{"allow":["GET"]}}],"collection":[{"href":"https:\/\/reporte272.com\/portal\/wp-json\/wp\/v2\/posts"}],"about":[{"href":"https:\/\/reporte272.com\/portal\/wp-json\/wp\/v2\/types\/post"}],"author":[{"embeddable":true,"href":"https:\/\/reporte272.com\/portal\/wp-json\/wp\/v2\/users\/2"}],"replies":[{"embeddable":true,"href":"https:\/\/reporte272.com\/portal\/wp-json\/wp\/v2\/comments?post=4968"}],"version-history":[{"count":1,"href":"https:\/\/reporte272.com\/portal\/wp-json\/wp\/v2\/posts\/4968\/revisions"}],"predecessor-version":[{"id":4970,"href":"https:\/\/reporte272.com\/portal\/wp-json\/wp\/v2\/posts\/4968\/revisions\/4970"}],"wp:featuredmedia":[{"embeddable":true,"href":"https:\/\/reporte272.com\/portal\/wp-json\/wp\/v2\/media\/4969"}],"wp:attachment":[{"href":"https:\/\/reporte272.com\/portal\/wp-json\/wp\/v2\/media?parent=4968"}],"wp:term":[{"taxonomy":"category","embeddable":true,"href":"https:\/\/reporte272.com\/portal\/wp-json\/wp\/v2\/categories?post=4968"},{"taxonomy":"post_tag","embeddable":true,"href":"https:\/\/reporte272.com\/portal\/wp-json\/wp\/v2\/tags?post=4968"}],"curies":[{"name":"wp","href":"https:\/\/api.w.org\/{rel}","templated":true}]}}