{"id":4974,"date":"2025-04-24T06:44:38","date_gmt":"2025-04-24T06:44:38","guid":{"rendered":"https:\/\/reporte272.com\/portal\/?p=4974"},"modified":"2025-04-24T06:47:25","modified_gmt":"2025-04-24T06:47:25","slug":"fallece-el-lider-sindical-mario-martinez-dector","status":"publish","type":"post","link":"https:\/\/reporte272.com\/portal\/fallece-el-lider-sindical-mario-martinez-dector\/","title":{"rendered":"Fallece el l\u00edder sindical Mario Mart\u00ednez D\u00e9ctor"},"content":{"rendered":"\n<p class=\"wp-block-paragraph\"><strong>Orizaba, Veracruz.-<\/strong> En el movimiento obrero del pa\u00eds existe consternaci\u00f3n porque falleci\u00f3 el l\u00edder sindical Mario Mart\u00ednez D\u00e9ctor, qui\u00e9n fue consejero de la Confederaci\u00f3n Revolucionaria de Obreros y Campesinos (CROC), exalcalde de R\u00edo Blanco, exdiputado, exl\u00edder del sindicato de trabajadores textiles y socio fundador de la Universidad del Valle de Orizaba.<\/p>\n\n\n\n<p class=\"wp-block-paragraph\">Mario naci\u00f3 en el a\u00f1o de 1929 en R\u00edo Blanco, Veracruz, donde estudio su educaci\u00f3n b\u00e1sica.<\/p>\n\n\n\n<p class=\"wp-block-paragraph\">Cuando era joven ten\u00eda la necesidad de buscar el sustento familiar, vendi\u00f3 peri\u00f3dicos para ayudar a su madre.<\/p>\n\n\n\n<p class=\"wp-block-paragraph\">A los 16 a\u00f1os ingres\u00f3 a la f\u00e1brica textil Cidosa de R\u00edo Blanco, ayudaba en labores de limpieza.<\/p>\n\n\n\n<p class=\"wp-block-paragraph\">Con el tiempo se convirti\u00f3 en ayudante de electricista que despu\u00e9s hizo el oficio de su vida.<\/p>\n\n\n\n<p class=\"wp-block-paragraph\">Hijo de los M\u00e1rtires del 7 de enero de 1908 logro incursionar en la vida sindical para luchar por los derechos de los trabajadores.<\/p>\n\n\n\n<p class=\"wp-block-paragraph\">En la d\u00e9cada de los sesenta, los problemas sindicales dejaron de ser s\u00f3lo de reivindicaciones y disciplinarios, para tomarse productividad, calidad, derechos humanos y mejores condiciones de los textileros.<\/p>\n\n\n\n<p class=\"wp-block-paragraph\">Mario Mart\u00ednez impuls\u00f3 la transformaci\u00f3n del sindicato con periodos m\u00e1s largos de gesti\u00f3n del comit\u00e9 ejecutivo (de seis meses a un a\u00f1o y luego a dos a\u00f1os), nuevos estatutos y una direcci\u00f3n m\u00e1s horizontal donde la asamblea general (de 1,500 trabajadores) era el m\u00e1ximo \u00f3rgano de decisiones y un Consejo Consultivo de 40 dirigentes de reconocida solvencia moral que transmitiera su experiencia a los comit\u00e9s ejecutivos en turno; asimismo, el establecimiento de mecanismo de apoyo directo como el de Asesor Sindical y de varios \u00f3rganos de control de los recursos materiales y financieros.<\/p>\n\n\n\n<p class=\"wp-block-paragraph\">Gracias al apoyo de los obreros y del pueblo fue dos veces Secretario General del sindicato (1965-1966 y 1968-1969); diputado local (1965-1968); presidente municipal de R\u00edo Blanco (1970-1973); presidente de la Federaci\u00f3n de Trabajadores Textiles de M\u00e9xico (CROC); diputado federal (1976-1979); consejero propietario por la CROC ante el Comit\u00e9 T\u00e9cnico y de Distribuci\u00f3n de Fondos del FONACOT (1982-2006); en esa \u00e9poca, tambi\u00e9n vicepresidente del Congreso del Trabajo funciones de presidente; miembro, en representaci\u00f3n de la CROC, del Consejo Consultivo de la Delegaci\u00f3n 2 del IMSS, hoy Delegaci\u00f3n Norte (1982-1998); secretario general del Sindicato \u201cUnidad Democr\u00e1tica\u201d de la Industria Textil, Confederaci\u00f3n y Similares de la Rep\u00fablica Mexicana (1994-2010); secretario de Previsi\u00f3n Social de la Federaci\u00f3n Revolucionaria de Obreros y Campesinos del DF; vicepresidente del Comit\u00e9 Nacional de Vigilancia de la CROC (2004-2010); consejero propietario por la CROC ante el Consejo Directivo del INFONACOT (2006); Secretario del Interior y Relaciones Internacionales de la Federaci\u00f3n Nacional Textil de la Confederaci\u00f3n y la Maquila (2007-2013); y miembro del H Consejo T\u00e9cnico del IMSS (2006).<\/p>\n\n\n\n<p class=\"wp-block-paragraph\">El rector de la UNIVO David Barroso Poceros reconoci\u00f3 la trayectoria del dirigente sindical.<\/p>\n\n\n\n<p class=\"wp-block-paragraph\">Lo considero como un hombre visionario que impulso la educaci\u00f3n en Veracruz al ser fundador de la comunidad UNIVO.<\/p>\n\n\n\n<p class=\"wp-block-paragraph\"><\/p>\n","protected":false},"excerpt":{"rendered":"<p>Orizaba, Veracruz.- En el movimiento obrero del pa\u00eds existe consternaci\u00f3n porque falleci\u00f3 el l\u00edder sindical Mario Mart\u00ednez D\u00e9ctor, qui\u00e9n fue consejero de la Confederaci\u00f3n Revolucionaria de Obreros y Campesinos (CROC), exalcalde de R\u00edo Blanco, exdiputado, exl\u00edder del sindicato de trabajadores textiles y socio fundador de la Universidad del Valle de Orizaba. Mario naci\u00f3 en el [&hellip;]<\/p>\n","protected":false},"author":2,"featured_media":4977,"comment_status":"open","ping_status":"open","sticky":false,"template":"","format":"standard","meta":{"rop_custom_images_group":[],"rop_custom_messages_group":[],"rop_publish_now":"initial","rop_publish_now_accounts":{"facebook_2001103103558832_108675811699976":""},"rop_publish_now_history":[],"rop_publish_now_status":"pending","footnotes":""},"categories":[5,10],"tags":[],"class_list":["post-4974","post","type-post","status-publish","format-standard","has-post-thumbnail","hentry","category-local","category-portada"],"_links":{"self":[{"href":"https:\/\/reporte272.com\/portal\/wp-json\/wp\/v2\/posts\/4974","targetHints":{"allow":["GET"]}}],"collection":[{"href":"https:\/\/reporte272.com\/portal\/wp-json\/wp\/v2\/posts"}],"about":[{"href":"https:\/\/reporte272.com\/portal\/wp-json\/wp\/v2\/types\/post"}],"author":[{"embeddable":true,"href":"https:\/\/reporte272.com\/portal\/wp-json\/wp\/v2\/users\/2"}],"replies":[{"embeddable":true,"href":"https:\/\/reporte272.com\/portal\/wp-json\/wp\/v2\/comments?post=4974"}],"version-history":[{"count":2,"href":"https:\/\/reporte272.com\/portal\/wp-json\/wp\/v2\/posts\/4974\/revisions"}],"predecessor-version":[{"id":4979,"href":"https:\/\/reporte272.com\/portal\/wp-json\/wp\/v2\/posts\/4974\/revisions\/4979"}],"wp:featuredmedia":[{"embeddable":true,"href":"https:\/\/reporte272.com\/portal\/wp-json\/wp\/v2\/media\/4977"}],"wp:attachment":[{"href":"https:\/\/reporte272.com\/portal\/wp-json\/wp\/v2\/media?parent=4974"}],"wp:term":[{"taxonomy":"category","embeddable":true,"href":"https:\/\/reporte272.com\/portal\/wp-json\/wp\/v2\/categories?post=4974"},{"taxonomy":"post_tag","embeddable":true,"href":"https:\/\/reporte272.com\/portal\/wp-json\/wp\/v2\/tags?post=4974"}],"curies":[{"name":"wp","href":"https:\/\/api.w.org\/{rel}","templated":true}]}}