{"id":4987,"date":"2025-04-25T06:32:55","date_gmt":"2025-04-25T06:32:55","guid":{"rendered":"https:\/\/reporte272.com\/portal\/?p=4987"},"modified":"2025-04-25T06:32:56","modified_gmt":"2025-04-25T06:32:56","slug":"concluye-el-encarpetado-de-avenida-santos-degollado","status":"publish","type":"post","link":"https:\/\/reporte272.com\/portal\/concluye-el-encarpetado-de-avenida-santos-degollado\/","title":{"rendered":"Concluye el encarpetado de Avenida Santos Degollado"},"content":{"rendered":"\n<p class=\"wp-block-paragraph\"><strong>Camerino Z. Mendoza, Ver. (Reporte272 \/ 24 abril 2025).- <\/strong>La avenida Santos Degollado, ubicada al norte de la ciudad, ya se encuentra encarpetada, solo espera por algunos detalles para ser inaugurada, mientras tanto, conductores ya pueden transitar por la misma.<\/p>\n\n\n\n<p class=\"wp-block-paragraph\">Esta avenida, resulta de relevante dado que forma parte del proyecto Circuito Norte-Sur, que es clave en la mejor\u00eda de la conectividad en la ciudad.<\/p>\n\n\n\n<p class=\"wp-block-paragraph\">Con esto se termina una etapa m\u00e1s de ese circuito, y est\u00e1 en proceso una cuarta etapa que es la pavimentaci\u00f3n con concreto hidr\u00e1ulico de la calle \u201c16 de Septiembre\u201d, entre avenidas \u201cMiguel Hidalgo\u201d y \u201cConstituyentes\u201d.<\/p>\n\n\n\n<p class=\"wp-block-paragraph\">Con estas obras, se facilita la movilidad tanto de los habitantes como de personas que visitan el municipio, principalmente en horarios y fechas en que hay desfiles, como el que ocurrir\u00e1 este lunes 5 de mayo, cuando los ciudadanos podr\u00e1n circular por Santos Degollado o Sol de Mayo, para librar el paso de los contingentes, por la ma\u00f1ana.<\/p>\n","protected":false},"excerpt":{"rendered":"<p>Camerino Z. Mendoza, Ver. (Reporte272 \/ 24 abril 2025).- La avenida Santos Degollado, ubicada al norte de la ciudad, ya se encuentra encarpetada, solo espera por algunos detalles para ser inaugurada, mientras tanto, conductores ya pueden transitar por la misma. Esta avenida, resulta de relevante dado que forma parte del proyecto Circuito Norte-Sur, que es [&hellip;]<\/p>\n","protected":false},"author":2,"featured_media":4988,"comment_status":"open","ping_status":"open","sticky":false,"template":"","format":"standard","meta":{"rop_custom_images_group":[],"rop_custom_messages_group":[],"rop_publish_now":"initial","rop_publish_now_accounts":{"facebook_2001103103558832_108675811699976":""},"rop_publish_now_history":[],"rop_publish_now_status":"pending","footnotes":""},"categories":[5],"tags":[],"class_list":["post-4987","post","type-post","status-publish","format-standard","has-post-thumbnail","hentry","category-local"],"_links":{"self":[{"href":"https:\/\/reporte272.com\/portal\/wp-json\/wp\/v2\/posts\/4987","targetHints":{"allow":["GET"]}}],"collection":[{"href":"https:\/\/reporte272.com\/portal\/wp-json\/wp\/v2\/posts"}],"about":[{"href":"https:\/\/reporte272.com\/portal\/wp-json\/wp\/v2\/types\/post"}],"author":[{"embeddable":true,"href":"https:\/\/reporte272.com\/portal\/wp-json\/wp\/v2\/users\/2"}],"replies":[{"embeddable":true,"href":"https:\/\/reporte272.com\/portal\/wp-json\/wp\/v2\/comments?post=4987"}],"version-history":[{"count":1,"href":"https:\/\/reporte272.com\/portal\/wp-json\/wp\/v2\/posts\/4987\/revisions"}],"predecessor-version":[{"id":4989,"href":"https:\/\/reporte272.com\/portal\/wp-json\/wp\/v2\/posts\/4987\/revisions\/4989"}],"wp:featuredmedia":[{"embeddable":true,"href":"https:\/\/reporte272.com\/portal\/wp-json\/wp\/v2\/media\/4988"}],"wp:attachment":[{"href":"https:\/\/reporte272.com\/portal\/wp-json\/wp\/v2\/media?parent=4987"}],"wp:term":[{"taxonomy":"category","embeddable":true,"href":"https:\/\/reporte272.com\/portal\/wp-json\/wp\/v2\/categories?post=4987"},{"taxonomy":"post_tag","embeddable":true,"href":"https:\/\/reporte272.com\/portal\/wp-json\/wp\/v2\/tags?post=4987"}],"curies":[{"name":"wp","href":"https:\/\/api.w.org\/{rel}","templated":true}]}}