{"id":4990,"date":"2025-04-25T06:39:37","date_gmt":"2025-04-25T06:39:37","guid":{"rendered":"https:\/\/reporte272.com\/portal\/?p=4990"},"modified":"2025-04-25T06:39:38","modified_gmt":"2025-04-25T06:39:38","slug":"llegan-840-mil-boletas-al-ople-de-cordoba","status":"publish","type":"post","link":"https:\/\/reporte272.com\/portal\/llegan-840-mil-boletas-al-ople-de-cordoba\/","title":{"rendered":"Llegan 840 mil boletas al OPLE de C\u00f3rdoba"},"content":{"rendered":"\n<p class=\"wp-block-paragraph\"><strong>C\u00f3rdoba, Veracruz. (Reporte272 \/ 24 abril 2025).- <\/strong>El consejero Presidente del OPLE en C\u00f3rdoba Marcos Daniel Hern\u00e1ndez Zilli declar\u00f3 que ayer llegaron las boletas del Poder Judicial de la Federaci\u00f3n a nivel local alrededor de las 11:30 de la noche, son 840 mil papeletas y ya fueron resguardadas en las oficinas del Consejo municipal.<\/p>\n\n\n\n<p class=\"wp-block-paragraph\">Dichas boletas son para las cuatro elecciones a nivel local de Veracruz y estar\u00e1n vigiladas por seguridad p\u00fablica.<br>Indic\u00f3 que la primer actividad que van a tener con las boletas ser\u00e1 el 5 de mayo que ser\u00e1 el conteo simulado y de ah\u00ed la integraci\u00f3n de paquetes una semana antes de la jornada electoral que iniciar\u00e1 con la instalaci\u00f3n de la mesa directiva de casillas.<br>&#8220;El padr\u00f3n para la elecci\u00f3n del poder judicial es de 211 mil 700 personas lo que corresponde a C\u00f3rdoba, Amatl\u00e1n y Yanga&#8221;.<br>Cabe destacar que la primera quincena de mayo llegar\u00e1n las boletas para la elecci\u00f3n de la nueva administraci\u00f3n municipal de C\u00f3rdoba.<\/p>\n","protected":false},"excerpt":{"rendered":"<p>C\u00f3rdoba, Veracruz. (Reporte272 \/ 24 abril 2025).- El consejero Presidente del OPLE en C\u00f3rdoba Marcos Daniel Hern\u00e1ndez Zilli declar\u00f3 que ayer llegaron las boletas del Poder Judicial de la Federaci\u00f3n a nivel local alrededor de las 11:30 de la noche, son 840 mil papeletas y ya fueron resguardadas en las oficinas del Consejo municipal. Dichas [&hellip;]<\/p>\n","protected":false},"author":2,"featured_media":4991,"comment_status":"open","ping_status":"open","sticky":false,"template":"","format":"standard","meta":{"rop_custom_images_group":[],"rop_custom_messages_group":[],"rop_publish_now":"initial","rop_publish_now_accounts":{"facebook_2001103103558832_108675811699976":""},"rop_publish_now_history":[],"rop_publish_now_status":"pending","footnotes":""},"categories":[6],"tags":[],"class_list":["post-4990","post","type-post","status-publish","format-standard","has-post-thumbnail","hentry","category-estatal"],"_links":{"self":[{"href":"https:\/\/reporte272.com\/portal\/wp-json\/wp\/v2\/posts\/4990","targetHints":{"allow":["GET"]}}],"collection":[{"href":"https:\/\/reporte272.com\/portal\/wp-json\/wp\/v2\/posts"}],"about":[{"href":"https:\/\/reporte272.com\/portal\/wp-json\/wp\/v2\/types\/post"}],"author":[{"embeddable":true,"href":"https:\/\/reporte272.com\/portal\/wp-json\/wp\/v2\/users\/2"}],"replies":[{"embeddable":true,"href":"https:\/\/reporte272.com\/portal\/wp-json\/wp\/v2\/comments?post=4990"}],"version-history":[{"count":1,"href":"https:\/\/reporte272.com\/portal\/wp-json\/wp\/v2\/posts\/4990\/revisions"}],"predecessor-version":[{"id":4992,"href":"https:\/\/reporte272.com\/portal\/wp-json\/wp\/v2\/posts\/4990\/revisions\/4992"}],"wp:featuredmedia":[{"embeddable":true,"href":"https:\/\/reporte272.com\/portal\/wp-json\/wp\/v2\/media\/4991"}],"wp:attachment":[{"href":"https:\/\/reporte272.com\/portal\/wp-json\/wp\/v2\/media?parent=4990"}],"wp:term":[{"taxonomy":"category","embeddable":true,"href":"https:\/\/reporte272.com\/portal\/wp-json\/wp\/v2\/categories?post=4990"},{"taxonomy":"post_tag","embeddable":true,"href":"https:\/\/reporte272.com\/portal\/wp-json\/wp\/v2\/tags?post=4990"}],"curies":[{"name":"wp","href":"https:\/\/api.w.org\/{rel}","templated":true}]}}