{"id":4993,"date":"2025-04-25T06:48:49","date_gmt":"2025-04-25T06:48:49","guid":{"rendered":"https:\/\/reporte272.com\/portal\/?p=4993"},"modified":"2025-04-25T06:48:50","modified_gmt":"2025-04-25T06:48:50","slug":"la-conferencia-del-episcopado-mexicano-se-une-en-oracion-y-profunda-solidaridad-con-la-diocesis-de-culiacan","status":"publish","type":"post","link":"https:\/\/reporte272.com\/portal\/la-conferencia-del-episcopado-mexicano-se-une-en-oracion-y-profunda-solidaridad-con-la-diocesis-de-culiacan\/","title":{"rendered":"La Conferencia del Episcopado Mexicano se une en oraci\u00f3n y profunda solidaridad con la Di\u00f3cesis de Culiac\u00e1n"},"content":{"rendered":"\n<p class=\"wp-block-paragraph\">**Ante los dolorosos hechos ocurridos en el templo de \u201cLa Lomita\u201d.<\/p>\n\n\n\n<p class=\"wp-block-paragraph\">&#8220;La violencia y la muerte no tienen la \u00faltima palabra<\/p>\n\n\n\n<p class=\"wp-block-paragraph\">La Di\u00f3cesis de Culiac\u00e1n, con profundo dolor, lamenta el hallazgo, hoy jueves 24 de abril,  de algunos cuerpos de personas privadas de su vida en el interior de un veh\u00edculo en el estacionamiento de la Parroquia de Nuestra Se\u00f1ora de Guadalupe, conocida como &#8220;La Lomita&#8221;.<\/p>\n\n\n\n<p class=\"wp-block-paragraph\">Este acontecimiento, adem\u00e1s de estremecer a esta comunidad parroquial y a nuestra Iglesia diocesana, vuelve a poner de manifiesto el clima de violencia que persiste en nuestra entidad.<br>Como Iglesia, elevamos nuestra voz con la autoridad del Dios de la vida para clamar: Basta de moertel Basta de violencial.<\/p>\n\n\n\n<p class=\"wp-block-paragraph\">Pedimos al Se\u00f1or que toque los corazones de quienes siembran el miedo y el sufrimiento, para que se conviertan y se reconcilien con la verdad, el bien y l justicia.<\/p>\n\n\n\n<p class=\"wp-block-paragraph\">Como comunidad que busca la paz, no dejenos que el miedo ni la desesperanza venzan. La muerte no tiene la \u00faltima palabra: Cristo Resucitado ha vencido al mal y nos llama a ser constructores de paz.<\/p>\n\n\n\n<p class=\"wp-block-paragraph\">Invitamos a todos los fieles a segur unidos en oraci\u00f3n por la paz, a poner en manos de la Virgen Maria de Guadalupe a cada habitante de nuestra ciudad, a fortalecer la esperanza en medio de la tribulaci\u00f3n y a trabajar unidos como sociedad para sanar ol tejido social herido por la violencia y la muerte.<br>&#8220;Felices los que trabajan por la paz, porque ser\u00e1n llamados hijos de Dios&#8221; (Mt 5.8<br>Oficina de Prensa de la Di\u00f3cesis de Culiac\u00e1n<\/p>\n\n\n\n<p class=\"wp-block-paragraph\"><\/p>\n","protected":false},"excerpt":{"rendered":"<p>**Ante los dolorosos hechos ocurridos en el templo de \u201cLa Lomita\u201d. &#8220;La violencia y la muerte no tienen la \u00faltima palabra La Di\u00f3cesis de Culiac\u00e1n, con profundo dolor, lamenta el hallazgo, hoy jueves 24 de abril, de algunos cuerpos de personas privadas de su vida en el interior de un veh\u00edculo en el estacionamiento de [&hellip;]<\/p>\n","protected":false},"author":2,"featured_media":4994,"comment_status":"open","ping_status":"open","sticky":false,"template":"","format":"standard","meta":{"rop_custom_images_group":[],"rop_custom_messages_group":[],"rop_publish_now":"initial","rop_publish_now_accounts":{"facebook_2001103103558832_108675811699976":""},"rop_publish_now_history":[],"rop_publish_now_status":"pending","footnotes":""},"categories":[7,10],"tags":[],"class_list":["post-4993","post","type-post","status-publish","format-standard","has-post-thumbnail","hentry","category-nacional","category-portada"],"_links":{"self":[{"href":"https:\/\/reporte272.com\/portal\/wp-json\/wp\/v2\/posts\/4993","targetHints":{"allow":["GET"]}}],"collection":[{"href":"https:\/\/reporte272.com\/portal\/wp-json\/wp\/v2\/posts"}],"about":[{"href":"https:\/\/reporte272.com\/portal\/wp-json\/wp\/v2\/types\/post"}],"author":[{"embeddable":true,"href":"https:\/\/reporte272.com\/portal\/wp-json\/wp\/v2\/users\/2"}],"replies":[{"embeddable":true,"href":"https:\/\/reporte272.com\/portal\/wp-json\/wp\/v2\/comments?post=4993"}],"version-history":[{"count":1,"href":"https:\/\/reporte272.com\/portal\/wp-json\/wp\/v2\/posts\/4993\/revisions"}],"predecessor-version":[{"id":4995,"href":"https:\/\/reporte272.com\/portal\/wp-json\/wp\/v2\/posts\/4993\/revisions\/4995"}],"wp:featuredmedia":[{"embeddable":true,"href":"https:\/\/reporte272.com\/portal\/wp-json\/wp\/v2\/media\/4994"}],"wp:attachment":[{"href":"https:\/\/reporte272.com\/portal\/wp-json\/wp\/v2\/media?parent=4993"}],"wp:term":[{"taxonomy":"category","embeddable":true,"href":"https:\/\/reporte272.com\/portal\/wp-json\/wp\/v2\/categories?post=4993"},{"taxonomy":"post_tag","embeddable":true,"href":"https:\/\/reporte272.com\/portal\/wp-json\/wp\/v2\/tags?post=4993"}],"curies":[{"name":"wp","href":"https:\/\/api.w.org\/{rel}","templated":true}]}}