{"id":4996,"date":"2025-04-25T18:04:55","date_gmt":"2025-04-25T18:04:55","guid":{"rendered":"https:\/\/reporte272.com\/portal\/?p=4996"},"modified":"2025-04-25T18:04:56","modified_gmt":"2025-04-25T18:04:56","slug":"identifican-a-1-de-los-3-ejecut4dos-en-maltrata","status":"publish","type":"post","link":"https:\/\/reporte272.com\/portal\/identifican-a-1-de-los-3-ejecut4dos-en-maltrata\/","title":{"rendered":"Identifican a 1 de los 3 ejecut4dos, en Maltrata"},"content":{"rendered":"\n<p class=\"wp-block-paragraph\"><strong>Maltrata, Veracruz (Reporte272 \/ 25 abril 2025).-<\/strong> Como Arturo &#8220;N&#8221;, de 34 a\u00f1os, originario del Puerto de Veracruz y con actual domicilio en la Secci\u00f3n Tercera de la Cabecera Municipal de Maltrata, fue formalmente identificado uno de los tres hombres que fueron privados de la vida a balazos durante la ma\u00f1ana de ayer jueves dentro de una casa asentada en calles de la Secci\u00f3n Cuarta de la Colonia Centro, de Maltrata.<\/p>\n\n\n\n<p class=\"wp-block-paragraph\">Su padre, un conocido ferrocarrilero del municipio de Maltrata, fue qui\u00e9n realiz\u00f3 la formal identificaci\u00f3n, entreg\u00f3 la documentaci\u00f3n y pidi\u00f3 la devoluci\u00f3n del cuerpo de su hijo para su velaci\u00f3n y sagrada sepultura.<\/p>\n\n\n\n<p class=\"wp-block-paragraph\">A 24 horas del multi-homicidio, los otros dos cuerpos contin\u00faan en las instalaciones del Servicio M\u00e9dico Forense de la Colonia Francisco Ferrer Guardia, de Orizaba, sin ser formalmente identificados ni reclamados por sus deudos.<br>Las autoridades en Procuraci\u00f3n de Justicia contin\u00faan a la espera de que alg\u00fan familiar se acerque a la Fiscal\u00eda como el Semefo con sede en Orizaba, para iniciar con el proceso de identificaci\u00f3n de los cuerpos, ya que hasta el momento nadie se ha presentado.<br><br><strong>HECHOS.<\/strong><\/p>\n\n\n\n<p class=\"wp-block-paragraph\">Cabe recordar que, el m\u00faltiple asesinato se registr\u00f3 durante la ma\u00f1ana de ayer jueves cuando hombres armados ingresaron al inmueble presuntamente propiedad del alcalde de Maltrata, Margarito Ram\u00edrez Brenis, y asesinaron a tres hombres que se encontraban en su interior.<\/p>\n\n\n\n<p class=\"wp-block-paragraph\">En el lugar asentado sobre la Privada de Pedro Moreno entre Calle 3 y Avenida \u00c1lvaro Obreg\u00f3n, de la Cuarta Secci\u00f3n, en la Colonia Centro, de Maltrata, las autoridades en Procuraci\u00f3n de Justicia y los cuerpos policiales de los tres \u00f3rdenes de Gobierno, aseguraron una camioneta Jeep Grand Cherokee, de color gris; una camioneta Ford Lobo de color rojo; un BMW, de color gris oxford, los tres vehiculos con reporte de robo.<\/p>\n\n\n\n<p class=\"wp-block-paragraph\">La Fiscalia General del Estado mantiene abierta una carpeta de investigaci\u00f3n de hechos para esclarecer este triple asesinato, la procedencia de las unidades automotoras encontradas -todas con reporte de robo-, como la situaci\u00f3n legal del domicilio, ya que de existir responsables ser\u00e1n llevados ante la justicia.<\/p>\n\n\n\n<p class=\"wp-block-paragraph\"><\/p>\n","protected":false},"excerpt":{"rendered":"<p>Maltrata, Veracruz (Reporte272 \/ 25 abril 2025).- Como Arturo &#8220;N&#8221;, de 34 a\u00f1os, originario del Puerto de Veracruz y con actual domicilio en la Secci\u00f3n Tercera de la Cabecera Municipal de Maltrata, fue formalmente identificado uno de los tres hombres que fueron privados de la vida a balazos durante la ma\u00f1ana de ayer jueves dentro [&hellip;]<\/p>\n","protected":false},"author":2,"featured_media":4997,"comment_status":"open","ping_status":"open","sticky":false,"template":"","format":"standard","meta":{"rop_custom_images_group":[],"rop_custom_messages_group":[],"rop_publish_now":"initial","rop_publish_now_accounts":{"facebook_2001103103558832_108675811699976":""},"rop_publish_now_history":[],"rop_publish_now_status":"pending","footnotes":""},"categories":[9],"tags":[],"class_list":["post-4996","post","type-post","status-publish","format-standard","has-post-thumbnail","hentry","category-policiaca"],"_links":{"self":[{"href":"https:\/\/reporte272.com\/portal\/wp-json\/wp\/v2\/posts\/4996","targetHints":{"allow":["GET"]}}],"collection":[{"href":"https:\/\/reporte272.com\/portal\/wp-json\/wp\/v2\/posts"}],"about":[{"href":"https:\/\/reporte272.com\/portal\/wp-json\/wp\/v2\/types\/post"}],"author":[{"embeddable":true,"href":"https:\/\/reporte272.com\/portal\/wp-json\/wp\/v2\/users\/2"}],"replies":[{"embeddable":true,"href":"https:\/\/reporte272.com\/portal\/wp-json\/wp\/v2\/comments?post=4996"}],"version-history":[{"count":1,"href":"https:\/\/reporte272.com\/portal\/wp-json\/wp\/v2\/posts\/4996\/revisions"}],"predecessor-version":[{"id":4998,"href":"https:\/\/reporte272.com\/portal\/wp-json\/wp\/v2\/posts\/4996\/revisions\/4998"}],"wp:featuredmedia":[{"embeddable":true,"href":"https:\/\/reporte272.com\/portal\/wp-json\/wp\/v2\/media\/4997"}],"wp:attachment":[{"href":"https:\/\/reporte272.com\/portal\/wp-json\/wp\/v2\/media?parent=4996"}],"wp:term":[{"taxonomy":"category","embeddable":true,"href":"https:\/\/reporte272.com\/portal\/wp-json\/wp\/v2\/categories?post=4996"},{"taxonomy":"post_tag","embeddable":true,"href":"https:\/\/reporte272.com\/portal\/wp-json\/wp\/v2\/tags?post=4996"}],"curies":[{"name":"wp","href":"https:\/\/api.w.org\/{rel}","templated":true}]}}