{"id":5012,"date":"2025-04-28T14:31:02","date_gmt":"2025-04-28T14:31:02","guid":{"rendered":"https:\/\/reporte272.com\/portal\/?p=5012"},"modified":"2025-04-28T14:31:03","modified_gmt":"2025-04-28T14:31:03","slug":"rescatan-a-abuelito-de-morir-calcin4do-en-fortin","status":"publish","type":"post","link":"https:\/\/reporte272.com\/portal\/rescatan-a-abuelito-de-morir-calcin4do-en-fortin\/","title":{"rendered":"Rescatan a abuelito de morir calcin4do, en Fort\u00edn"},"content":{"rendered":"\n<p class=\"wp-block-paragraph\"><strong>Fortin, Veracruz. (Reporte272).<\/strong> Un hombre de la tercera edad, fue rescatado con vida y auxiliado por rescatistas primeros respondientes de Fortin,  luego de un voraz incendio que se registr\u00f3 la madrugada de este lunes al interior de una vivienda ubicada en la colonia San Jos\u00e9.<\/p>\n\n\n\n<p class=\"wp-block-paragraph\">El siniestro se registr\u00f3 a las 02:00 horas, luego de que un incendio comenz\u00f3 a propagarse en el interior de una vivienda ubicada en la privada 3 junto al bulevar Emiliano Zapata de la Colonia San Jos\u00e9 en la que se encontraba el adulto mayor de 78 a\u00f1os de edad.<\/p>\n\n\n\n<p class=\"wp-block-paragraph\">Vecinos que se percataron de un fuerte olor a quemado al salir de sus casas y observar el incendio, comenzaron a movilizarse con cubetas con agua para tratar de apagar el fuego, mientras que al lugar arribaron integrantes del agrupamiento Rescatistas Primeros Respondientes de Fort\u00edn debido a que fueron alertados por el personal del n\u00famero de emergencias 911 quien junto con voluntarios se organizaron para controlar el incendio.<\/p>\n\n\n\n<p class=\"wp-block-paragraph\">En cuesti\u00f3n de minutos lograron sacar del interior al senecto para posteriormente darle atenci\u00f3n m\u00e9dica a bordo de una ambulancia de Cruz Ambar quienes luego de las atenciones lo trasladaron a un hospital.<br><\/p>\n\n\n\n<p class=\"wp-block-paragraph\">Los bomberos de Fort\u00edn hicieron arribo para realizar el enfriamiento general y revisar las instalaciones y un tanque de gas.<br>La labor de los integrantes de RPR, fue reconocida por vecinos de esta vivienda, ante la r\u00e1pida respuesta y llegada, quienes laboraron r\u00e1pidamente para rescatar al abuelito del interior quien estuvo a punto de morir calcinado sin poder hacer nada.<\/p>\n\n\n\n<p class=\"wp-block-paragraph\"><\/p>\n","protected":false},"excerpt":{"rendered":"<p>Fortin, Veracruz. (Reporte272). Un hombre de la tercera edad, fue rescatado con vida y auxiliado por rescatistas primeros respondientes de Fortin, luego de un voraz incendio que se registr\u00f3 la madrugada de este lunes al interior de una vivienda ubicada en la colonia San Jos\u00e9. El siniestro se registr\u00f3 a las 02:00 horas, luego de [&hellip;]<\/p>\n","protected":false},"author":2,"featured_media":5013,"comment_status":"open","ping_status":"open","sticky":false,"template":"","format":"standard","meta":{"rop_custom_images_group":[],"rop_custom_messages_group":[],"rop_publish_now":"initial","rop_publish_now_accounts":{"facebook_2001103103558832_108675811699976":""},"rop_publish_now_history":[],"rop_publish_now_status":"pending","footnotes":""},"categories":[9],"tags":[],"class_list":["post-5012","post","type-post","status-publish","format-standard","has-post-thumbnail","hentry","category-policiaca"],"_links":{"self":[{"href":"https:\/\/reporte272.com\/portal\/wp-json\/wp\/v2\/posts\/5012","targetHints":{"allow":["GET"]}}],"collection":[{"href":"https:\/\/reporte272.com\/portal\/wp-json\/wp\/v2\/posts"}],"about":[{"href":"https:\/\/reporte272.com\/portal\/wp-json\/wp\/v2\/types\/post"}],"author":[{"embeddable":true,"href":"https:\/\/reporte272.com\/portal\/wp-json\/wp\/v2\/users\/2"}],"replies":[{"embeddable":true,"href":"https:\/\/reporte272.com\/portal\/wp-json\/wp\/v2\/comments?post=5012"}],"version-history":[{"count":1,"href":"https:\/\/reporte272.com\/portal\/wp-json\/wp\/v2\/posts\/5012\/revisions"}],"predecessor-version":[{"id":5014,"href":"https:\/\/reporte272.com\/portal\/wp-json\/wp\/v2\/posts\/5012\/revisions\/5014"}],"wp:featuredmedia":[{"embeddable":true,"href":"https:\/\/reporte272.com\/portal\/wp-json\/wp\/v2\/media\/5013"}],"wp:attachment":[{"href":"https:\/\/reporte272.com\/portal\/wp-json\/wp\/v2\/media?parent=5012"}],"wp:term":[{"taxonomy":"category","embeddable":true,"href":"https:\/\/reporte272.com\/portal\/wp-json\/wp\/v2\/categories?post=5012"},{"taxonomy":"post_tag","embeddable":true,"href":"https:\/\/reporte272.com\/portal\/wp-json\/wp\/v2\/tags?post=5012"}],"curies":[{"name":"wp","href":"https:\/\/api.w.org\/{rel}","templated":true}]}}