{"id":5031,"date":"2025-04-30T13:00:58","date_gmt":"2025-04-30T13:00:58","guid":{"rendered":"https:\/\/reporte272.com\/portal\/?p=5031"},"modified":"2025-04-30T13:01:41","modified_gmt":"2025-04-30T13:01:41","slug":"vinculado-a-proceso-como-probable-responsable-del-delito-de-robo","status":"publish","type":"post","link":"https:\/\/reporte272.com\/portal\/vinculado-a-proceso-como-probable-responsable-del-delito-de-robo\/","title":{"rendered":"Vinculado a proceso como probable responsable del delito de robo"},"content":{"rendered":"\n<p class=\"wp-block-paragraph\"><strong>Huayacocotla, Veracruz.-<\/strong>La Fiscal\u00eda General del Estado informa que, un juez de control de este distrito judicial emiti\u00f3 vinculaci\u00f3n a proceso en contra de Santiago \u201cN\u201d como probable responsable del delito de robo, cometido en agravio de la v\u00edctima identificada con las iniciales G.C.G.<\/p>\n\n\n\n<p class=\"wp-block-paragraph\">Hechos ocurridos el 11 de abril del a\u00f1o en curso, al interior de un establecimiento ubicado en la localidad Carbonero Jacales de este municipio, cuando presuntamente sustrajo del lugar dinero en efectivo, producto de las ventas.<\/p>\n\n\n\n<p class=\"wp-block-paragraph\">El juez ratific\u00f3 la medida cautelar de prisi\u00f3n preventiva justificada, dentro del proceso penal 19\/2025.<\/p>\n","protected":false},"excerpt":{"rendered":"<p>Huayacocotla, Veracruz.-La Fiscal\u00eda General del Estado informa que, un juez de control de este distrito judicial emiti\u00f3 vinculaci\u00f3n a proceso en contra de Santiago \u201cN\u201d como probable responsable del delito de robo, cometido en agravio de la v\u00edctima identificada con las iniciales G.C.G. Hechos ocurridos el 11 de abril del a\u00f1o en curso, al interior [&hellip;]<\/p>\n","protected":false},"author":2,"featured_media":5033,"comment_status":"open","ping_status":"open","sticky":false,"template":"","format":"standard","meta":{"rop_custom_images_group":[],"rop_custom_messages_group":[],"rop_publish_now":"initial","rop_publish_now_accounts":{"facebook_2001103103558832_108675811699976":""},"rop_publish_now_history":[],"rop_publish_now_status":"pending","footnotes":""},"categories":[9],"tags":[],"class_list":["post-5031","post","type-post","status-publish","format-standard","has-post-thumbnail","hentry","category-policiaca"],"_links":{"self":[{"href":"https:\/\/reporte272.com\/portal\/wp-json\/wp\/v2\/posts\/5031","targetHints":{"allow":["GET"]}}],"collection":[{"href":"https:\/\/reporte272.com\/portal\/wp-json\/wp\/v2\/posts"}],"about":[{"href":"https:\/\/reporte272.com\/portal\/wp-json\/wp\/v2\/types\/post"}],"author":[{"embeddable":true,"href":"https:\/\/reporte272.com\/portal\/wp-json\/wp\/v2\/users\/2"}],"replies":[{"embeddable":true,"href":"https:\/\/reporte272.com\/portal\/wp-json\/wp\/v2\/comments?post=5031"}],"version-history":[{"count":1,"href":"https:\/\/reporte272.com\/portal\/wp-json\/wp\/v2\/posts\/5031\/revisions"}],"predecessor-version":[{"id":5032,"href":"https:\/\/reporte272.com\/portal\/wp-json\/wp\/v2\/posts\/5031\/revisions\/5032"}],"wp:featuredmedia":[{"embeddable":true,"href":"https:\/\/reporte272.com\/portal\/wp-json\/wp\/v2\/media\/5033"}],"wp:attachment":[{"href":"https:\/\/reporte272.com\/portal\/wp-json\/wp\/v2\/media?parent=5031"}],"wp:term":[{"taxonomy":"category","embeddable":true,"href":"https:\/\/reporte272.com\/portal\/wp-json\/wp\/v2\/categories?post=5031"},{"taxonomy":"post_tag","embeddable":true,"href":"https:\/\/reporte272.com\/portal\/wp-json\/wp\/v2\/tags?post=5031"}],"curies":[{"name":"wp","href":"https:\/\/api.w.org\/{rel}","templated":true}]}}