{"id":5040,"date":"2025-04-30T14:32:30","date_gmt":"2025-04-30T14:32:30","guid":{"rendered":"https:\/\/reporte272.com\/portal\/?p=5040"},"modified":"2025-05-01T05:14:26","modified_gmt":"2025-05-01T05:14:26","slug":"lety-mauro-inicia-campana-con-misa-de-accion-de-gracias","status":"publish","type":"post","link":"https:\/\/reporte272.com\/portal\/lety-mauro-inicia-campana-con-misa-de-accion-de-gracias\/","title":{"rendered":"Lety Mauro inicia campa\u00f1a con misa de acci\u00f3n de gracias"},"content":{"rendered":"\n<p class=\"wp-block-paragraph\"><strong>La Perla, Veracruz. <\/strong>La candidata de MORENA a la presidencia Municipal de La Perla Lety Mauro acompa\u00f1ada de familiares y l\u00edderes de las diversas comunidades que han cre\u00eddo en su proyecto inici\u00f3 el primer d\u00eda de su campa\u00f1a con una misa de acci\u00f3n de gracias.  <\/p>\n\n\n\n<p class=\"wp-block-paragraph\">Tras la bendici\u00f3n del p\u00e1rroco realiz\u00f3 una caminata por la cabecera Municipal donde esuch\u00f3 de viva voz las problem\u00e1ticas que vienen padeciendo las familias y que no han sido atendidas hasta el momento.<\/p>\n\n\n\n<p class=\"wp-block-paragraph\">En entrevista Lety Mauro propone la construcci\u00f3n de un centro de acopio para los productores de follaje debido a que es el principal motor que mueve la econom\u00eda del municipio enclavado en las faldas del volc\u00e1n, &#8220;nos falta un espacio dirigido a la carga y descarga en beneficio de todos los follajeros.<\/p>\n\n\n\n<p class=\"wp-block-paragraph\">De igual manera dijo que propone reforzar las acciones en materia de seguridad en favor del turismo para que los visitantes recorran con tranquilidad los atractivos turiscos.<\/p>\n\n\n\n<p class=\"wp-block-paragraph\">Finalmente la candidata del MORENA dijo que entre otras de sus propuestas es reforestar la zona monta\u00f1osa del municipio de La Perla.<\/p>\n","protected":false},"excerpt":{"rendered":"<p>La Perla, Veracruz. La candidata de MORENA a la presidencia Municipal de La Perla Lety Mauro acompa\u00f1ada de familiares y l\u00edderes de las diversas comunidades que han cre\u00eddo en su proyecto inici\u00f3 el primer d\u00eda de su campa\u00f1a con una misa de acci\u00f3n de gracias. Tras la bendici\u00f3n del p\u00e1rroco realiz\u00f3 una caminata por la [&hellip;]<\/p>\n","protected":false},"author":2,"featured_media":5041,"comment_status":"open","ping_status":"open","sticky":false,"template":"","format":"standard","meta":{"rop_custom_images_group":[],"rop_custom_messages_group":[],"rop_publish_now":"initial","rop_publish_now_accounts":{"facebook_2001103103558832_108675811699976":""},"rop_publish_now_history":[],"rop_publish_now_status":"pending","footnotes":""},"categories":[5],"tags":[],"class_list":["post-5040","post","type-post","status-publish","format-standard","has-post-thumbnail","hentry","category-local"],"_links":{"self":[{"href":"https:\/\/reporte272.com\/portal\/wp-json\/wp\/v2\/posts\/5040","targetHints":{"allow":["GET"]}}],"collection":[{"href":"https:\/\/reporte272.com\/portal\/wp-json\/wp\/v2\/posts"}],"about":[{"href":"https:\/\/reporte272.com\/portal\/wp-json\/wp\/v2\/types\/post"}],"author":[{"embeddable":true,"href":"https:\/\/reporte272.com\/portal\/wp-json\/wp\/v2\/users\/2"}],"replies":[{"embeddable":true,"href":"https:\/\/reporte272.com\/portal\/wp-json\/wp\/v2\/comments?post=5040"}],"version-history":[{"count":3,"href":"https:\/\/reporte272.com\/portal\/wp-json\/wp\/v2\/posts\/5040\/revisions"}],"predecessor-version":[{"id":5048,"href":"https:\/\/reporte272.com\/portal\/wp-json\/wp\/v2\/posts\/5040\/revisions\/5048"}],"wp:featuredmedia":[{"embeddable":true,"href":"https:\/\/reporte272.com\/portal\/wp-json\/wp\/v2\/media\/5041"}],"wp:attachment":[{"href":"https:\/\/reporte272.com\/portal\/wp-json\/wp\/v2\/media?parent=5040"}],"wp:term":[{"taxonomy":"category","embeddable":true,"href":"https:\/\/reporte272.com\/portal\/wp-json\/wp\/v2\/categories?post=5040"},{"taxonomy":"post_tag","embeddable":true,"href":"https:\/\/reporte272.com\/portal\/wp-json\/wp\/v2\/tags?post=5040"}],"curies":[{"name":"wp","href":"https:\/\/api.w.org\/{rel}","templated":true}]}}